{"id":1001,"date":"2013-10-24T12:01:40","date_gmt":"2013-10-24T14:01:40","guid":{"rendered":"http:\/\/www.encontracarrao.com.br\/noticias\/?p=1001"},"modified":"2019-04-29T17:25:33","modified_gmt":"2019-04-29T19:25:33","slug":"eleicoes-do-cades-acontecem-dia-27-na-sede-da-subprefeitura-aricanduvaformosacarrao","status":"publish","type":"post","link":"https:\/\/www.encontracarrao.com.br\/sobre\/eleicoes-do-cades-acontecem-dia-27-na-sede-da-subprefeitura-aricanduvaformosacarrao\/","title":{"rendered":"Elei\u00e7\u00f5es do Cades acontecem dia 27 na sede da Subprefeitura Aricanduva\/Formosa\/Carr\u00e3o"},"content":{"rendered":"<div class=\"461e69fcc6d6b0f7eb69b9e5bee8c239\" data-index=\"1\" style=\"float: none; margin:0px;\">\n<!-- Anuncio display - global -->\r\n<ins class=\"adsbygoogle\"\r\n     style=\"display:block\"\r\n     data-ad-client=\"ca-pub-8585364105181520\"\r\n     data-ad-slot=\"8789329856\"\r\n     data-ad-format=\"auto\"\r\n     data-full-width-responsive=\"true\"><\/ins>\r\n<script>\r\n     (adsbygoogle = window.adsbygoogle || []).push({});\r\n<\/script>\n<\/div>\n<p>A Elei\u00e7\u00e3o dos Conselheiros representantes da sociedade civil no Conselho Regional de Meio Ambiente, Desenvolvimento Sustent\u00e1vel e Cultura de Paz da Subprefeitura Aricanduva\/Formosa\/Carr\u00e3o\u00a0acontece dia 27\u00a0na sede da Subprefeitura,\u00a0das 10h \u00e0s 16h horas.<\/p>\n<p>Para participar como eleitor, o mun\u00edcipe deve residir ou trabalhar na regi\u00e3o da Subprefeitura, ser maior de 16 anos e trazer um documento de identidade com foto e o comprovante de endere\u00e7o ou de trabalho no dia da elei\u00e7\u00e3o<\/p>\n<p><strong> A lista de candidatos devidamente inscritos que poder\u00e3o ser eleitos \u00e9:<\/strong><\/p>\n<p>Joaquim Gra\u00e7a Neto<br \/>\nVicente Viciolle<br \/>\nMauricio Lavalle<br \/>\nQuiterio Carmona Filho<br \/>\nAgnaldo Queiroz de Faria<br \/>\nFellipe Henrique Martins Moutinho<br \/>\nWilson Roberto Ferreira dos Santos<br \/>\nEva Oliveira da Silva Ten\u00f3rio<br \/>\nMarcos Carmona<br \/>\nJos\u00e9 Roberto dos Santos<br \/>\nDinor\u00e1 Coraini<br \/>\n\u00c1lvaro de Abreu Alves<br \/>\nNeusa Gon\u00e7alves da Cruz<br \/>\nLaudicene Aparecida Ventura<br \/>\nGrisel Teixeira de Carvalho<br \/>\nMichele Aparecida Rodrigues<\/p>\n<p>A rela\u00e7\u00e3o dos votos por candidato ser\u00e1 publicada no Di\u00e1rio Oficial de S\u00e3o Paulo\u00a0em at\u00e9 10 dias \u00fateis ap\u00f3s as elei\u00e7\u00f5es, indicando os eleitos titulares e suplentes.<\/p>\n\n<div style=\"font-size: 0px; height: 0px; line-height: 0px; margin: 0; padding: 0; clear: both;\"><\/div>","protected":false},"excerpt":{"rendered":"<p>A Elei\u00e7\u00e3o dos Conselheiros representantes da sociedade civil no Conselho Regional de Meio Ambiente, Desenvolvimento Sustent\u00e1vel e Cultura de Paz da Subprefeitura Aricanduva\/Formosa\/Carr\u00e3o\u00a0acontece dia 27\u00a0na sede da Subprefeitura,\u00a0das 10h \u00e0s 16h horas. Para participar como eleitor, o mun\u00edcipe deve residir ou trabalhar na regi\u00e3o da Subprefeitura, ser maior de 16 anos e trazer um documento de identidade com foto e o comprovante de endere\u00e7o ou de trabalho no dia da elei\u00e7\u00e3o A lista de candidatos devidamente inscritos que poder\u00e3o ser eleitos \u00e9: Joaquim Gra\u00e7a Neto Vicente Viciolle Mauricio Lavalle Quiterio Carmona Filho Agnaldo Queiroz de Faria Fellipe Henrique Martins Moutinho <\/p>\n","protected":false},"author":1,"featured_media":0,"comment_status":"open","ping_status":"closed","sticky":false,"template":"","format":"standard","meta":{"footnotes":""},"categories":[6],"tags":[],"class_list":["post-1001","post","type-post","status-publish","format-standard","hentry","category-noticias-no-carrao"],"aioseo_notices":[],"aioseo_head":"\n\t\t<!-- All in One SEO 5.0.0.1 - aioseo.com -->\n\t<meta name=\"description\" content=\"A Elei\u00e7\u00e3o dos Conselheiros representantes da sociedade civil no Conselho Regional de Meio Ambiente, Desenvolvimento Sustent\u00e1vel e Cultura de Paz da Subprefeitura Aricanduva\/Formosa\/Carr\u00e3o acontece dia 27 na sede da Subprefeitura, das 10h \u00e0s 16h horas. Para participar como eleitor, o mun\u00edcipe deve residir ou trabalhar na regi\u00e3o da Subprefeitura, ser maior de 16 anos e trazer um documento\" \/>\n\t<meta name=\"robots\" content=\"max-image-preview:large\" \/>\n\t<meta name=\"author\" content=\"Encontra Carr\u00e3o\"\/>\n\t<link rel=\"canonical\" href=\"https:\/\/www.encontracarrao.com.br\/sobre\/eleicoes-do-cades-acontecem-dia-27-na-sede-da-subprefeitura-aricanduvaformosacarrao\/\" \/>\n\t<meta name=\"generator\" content=\"All in One SEO (AIOSEO) 5.0.0.1\" \/>\n\t\t<meta property=\"og:locale\" content=\"pt_BR\" \/>\n\t\t<meta property=\"og:site_name\" content=\"Encontra Carr\u00e3o | Not\u00edcias, eventos, informa\u00e7\u00f5es e dicas no bairro do Carr\u00e3o e regi\u00e3o\" \/>\n\t\t<meta property=\"og:type\" content=\"article\" \/>\n\t\t<meta property=\"og:title\" content=\"Elei\u00e7\u00f5es do Cades acontecem dia 27 na sede da Subprefeitura Aricanduva\/Formosa\/Carr\u00e3o | Encontra Carr\u00e3o\" \/>\n\t\t<meta property=\"og:description\" content=\"A Elei\u00e7\u00e3o dos Conselheiros representantes da sociedade civil no Conselho Regional de Meio Ambiente, Desenvolvimento Sustent\u00e1vel e Cultura de Paz da Subprefeitura Aricanduva\/Formosa\/Carr\u00e3o acontece dia 27 na sede da Subprefeitura, das 10h \u00e0s 16h horas. Para participar como eleitor, o mun\u00edcipe deve residir ou trabalhar na regi\u00e3o da Subprefeitura, ser maior de 16 anos e trazer um documento\" \/>\n\t\t<meta property=\"og:url\" content=\"https:\/\/www.encontracarrao.com.br\/sobre\/eleicoes-do-cades-acontecem-dia-27-na-sede-da-subprefeitura-aricanduvaformosacarrao\/\" \/>\n\t\t<meta property=\"article:published_time\" content=\"2013-10-24T14:01:40+00:00\" \/>\n\t\t<meta property=\"article:modified_time\" content=\"2019-04-29T19:25:33+00:00\" \/>\n\t\t<meta name=\"twitter:card\" content=\"summary_large_image\" \/>\n\t\t<meta name=\"twitter:title\" content=\"Elei\u00e7\u00f5es do Cades acontecem dia 27 na sede da Subprefeitura Aricanduva\/Formosa\/Carr\u00e3o | Encontra Carr\u00e3o\" \/>\n\t\t<meta name=\"twitter:description\" content=\"A Elei\u00e7\u00e3o dos Conselheiros representantes da sociedade civil no Conselho Regional de Meio Ambiente, Desenvolvimento Sustent\u00e1vel e Cultura de Paz da Subprefeitura Aricanduva\/Formosa\/Carr\u00e3o acontece dia 27 na sede da Subprefeitura, das 10h \u00e0s 16h horas. Para participar como eleitor, o mun\u00edcipe deve residir ou trabalhar na regi\u00e3o da Subprefeitura, ser maior de 16 anos e trazer um documento\" \/>\n\t\t<script type=\"application\/ld+json\" class=\"aioseo-schema\">\n\t\t\t{\"@context\":\"https:\\\/\\\/schema.org\",\"@graph\":[{\"@type\":\"Article\",\"@id\":\"https:\\\/\\\/www.encontracarrao.com.br\\\/sobre\\\/eleicoes-do-cades-acontecem-dia-27-na-sede-da-subprefeitura-aricanduvaformosacarrao\\\/#article\",\"name\":\"Elei\\u00e7\\u00f5es do Cades acontecem dia 27 na sede da Subprefeitura Aricanduva\\\/Formosa\\\/Carr\\u00e3o | Encontra Carr\\u00e3o\",\"headline\":\"Elei\\u00e7\\u00f5es do Cades acontecem dia 27 na sede da Subprefeitura Aricanduva\\\/Formosa\\\/Carr\\u00e3o\",\"author\":{\"@id\":\"https:\\\/\\\/www.encontracarrao.com.br\\\/sobre\\\/author\\\/ecarrao\\\/#author\"},\"publisher\":{\"@id\":\"https:\\\/\\\/www.encontracarrao.com.br\\\/sobre\\\/#organization\"},\"datePublished\":\"2013-10-24T12:01:40-02:00\",\"dateModified\":\"2019-04-29T17:25:33-02:00\",\"inLanguage\":\"pt-BR\",\"mainEntityOfPage\":{\"@id\":\"https:\\\/\\\/www.encontracarrao.com.br\\\/sobre\\\/eleicoes-do-cades-acontecem-dia-27-na-sede-da-subprefeitura-aricanduvaformosacarrao\\\/#webpage\"},\"isPartOf\":{\"@id\":\"https:\\\/\\\/www.encontracarrao.com.br\\\/sobre\\\/eleicoes-do-cades-acontecem-dia-27-na-sede-da-subprefeitura-aricanduvaformosacarrao\\\/#webpage\"},\"articleSection\":\"Not\\u00edcias Carr\\u00e3o\"},{\"@type\":\"BreadcrumbList\",\"@id\":\"https:\\\/\\\/www.encontracarrao.com.br\\\/sobre\\\/eleicoes-do-cades-acontecem-dia-27-na-sede-da-subprefeitura-aricanduvaformosacarrao\\\/#breadcrumblist\",\"itemListElement\":[{\"@type\":\"ListItem\",\"@id\":\"https:\\\/\\\/www.encontracarrao.com.br\\\/sobre#listItem\",\"position\":1,\"name\":\"In\\u00edcio\",\"item\":\"https:\\\/\\\/www.encontracarrao.com.br\\\/sobre\",\"nextItem\":{\"@type\":\"ListItem\",\"@id\":\"https:\\\/\\\/www.encontracarrao.com.br\\\/sobre\\\/noticias-no-carrao\\\/#listItem\",\"name\":\"Not\\u00edcias Carr\\u00e3o\"}},{\"@type\":\"ListItem\",\"@id\":\"https:\\\/\\\/www.encontracarrao.com.br\\\/sobre\\\/noticias-no-carrao\\\/#listItem\",\"position\":2,\"name\":\"Not\\u00edcias Carr\\u00e3o\",\"item\":\"https:\\\/\\\/www.encontracarrao.com.br\\\/sobre\\\/noticias-no-carrao\\\/\",\"nextItem\":{\"@type\":\"ListItem\",\"@id\":\"https:\\\/\\\/www.encontracarrao.com.br\\\/sobre\\\/eleicoes-do-cades-acontecem-dia-27-na-sede-da-subprefeitura-aricanduvaformosacarrao\\\/#listItem\",\"name\":\"Elei\\u00e7\\u00f5es do Cades acontecem dia 27 na sede da Subprefeitura Aricanduva\\\/Formosa\\\/Carr\\u00e3o\"},\"previousItem\":{\"@type\":\"ListItem\",\"@id\":\"https:\\\/\\\/www.encontracarrao.com.br\\\/sobre#listItem\",\"name\":\"In\\u00edcio\"}},{\"@type\":\"ListItem\",\"@id\":\"https:\\\/\\\/www.encontracarrao.com.br\\\/sobre\\\/eleicoes-do-cades-acontecem-dia-27-na-sede-da-subprefeitura-aricanduvaformosacarrao\\\/#listItem\",\"position\":3,\"name\":\"Elei\\u00e7\\u00f5es do Cades acontecem dia 27 na sede da Subprefeitura Aricanduva\\\/Formosa\\\/Carr\\u00e3o\",\"previousItem\":{\"@type\":\"ListItem\",\"@id\":\"https:\\\/\\\/www.encontracarrao.com.br\\\/sobre\\\/noticias-no-carrao\\\/#listItem\",\"name\":\"Not\\u00edcias Carr\\u00e3o\"}}]},{\"@type\":\"Organization\",\"@id\":\"https:\\\/\\\/www.encontracarrao.com.br\\\/sobre\\\/#organization\",\"name\":\"Encontra Carr\\u00e3o\",\"description\":\"Not\\u00edcias, eventos, informa\\u00e7\\u00f5es e dicas no bairro do Carr\\u00e3o e regi\\u00e3o\",\"url\":\"https:\\\/\\\/www.encontracarrao.com.br\\\/sobre\\\/\"},{\"@type\":\"Person\",\"@id\":\"https:\\\/\\\/www.encontracarrao.com.br\\\/sobre\\\/author\\\/ecarrao\\\/#author\",\"url\":\"https:\\\/\\\/www.encontracarrao.com.br\\\/sobre\\\/author\\\/ecarrao\\\/\",\"name\":\"Encontra Carr\\u00e3o\",\"image\":{\"@type\":\"ImageObject\",\"@id\":\"https:\\\/\\\/www.encontracarrao.com.br\\\/sobre\\\/eleicoes-do-cades-acontecem-dia-27-na-sede-da-subprefeitura-aricanduvaformosacarrao\\\/#authorImage\",\"url\":\"https:\\\/\\\/secure.gravatar.com\\\/avatar\\\/507340682b8270222e1f208e23198b6ae7e2c6a1033ae84e99bc6bce4f82a387?s=96&d=mm&r=g\",\"width\":96,\"height\":96,\"caption\":\"Encontra Carr\\u00e3o\"}},{\"@type\":\"WebPage\",\"@id\":\"https:\\\/\\\/www.encontracarrao.com.br\\\/sobre\\\/eleicoes-do-cades-acontecem-dia-27-na-sede-da-subprefeitura-aricanduvaformosacarrao\\\/#webpage\",\"url\":\"https:\\\/\\\/www.encontracarrao.com.br\\\/sobre\\\/eleicoes-do-cades-acontecem-dia-27-na-sede-da-subprefeitura-aricanduvaformosacarrao\\\/\",\"name\":\"Elei\\u00e7\\u00f5es do Cades acontecem dia 27 na sede da Subprefeitura Aricanduva\\\/Formosa\\\/Carr\\u00e3o | Encontra Carr\\u00e3o\",\"description\":\"A Elei\\u00e7\\u00e3o dos Conselheiros representantes da sociedade civil no Conselho Regional de Meio Ambiente, Desenvolvimento Sustent\\u00e1vel e Cultura de Paz da Subprefeitura Aricanduva\\\/Formosa\\\/Carr\\u00e3o acontece dia 27 na sede da Subprefeitura, das 10h \\u00e0s 16h horas. Para participar como eleitor, o mun\\u00edcipe deve residir ou trabalhar na regi\\u00e3o da Subprefeitura, ser maior de 16 anos e trazer um documento\",\"inLanguage\":\"pt-BR\",\"isPartOf\":{\"@id\":\"https:\\\/\\\/www.encontracarrao.com.br\\\/sobre\\\/#website\"},\"breadcrumb\":{\"@id\":\"https:\\\/\\\/www.encontracarrao.com.br\\\/sobre\\\/eleicoes-do-cades-acontecem-dia-27-na-sede-da-subprefeitura-aricanduvaformosacarrao\\\/#breadcrumblist\"},\"author\":{\"@id\":\"https:\\\/\\\/www.encontracarrao.com.br\\\/sobre\\\/author\\\/ecarrao\\\/#author\"},\"creator\":{\"@id\":\"https:\\\/\\\/www.encontracarrao.com.br\\\/sobre\\\/author\\\/ecarrao\\\/#author\"},\"datePublished\":\"2013-10-24T12:01:40-02:00\",\"dateModified\":\"2019-04-29T17:25:33-02:00\"},{\"@type\":\"WebSite\",\"@id\":\"https:\\\/\\\/www.encontracarrao.com.br\\\/sobre\\\/#website\",\"url\":\"https:\\\/\\\/www.encontracarrao.com.br\\\/sobre\\\/\",\"name\":\"Encontra Carr\\u00e3o\",\"description\":\"Not\\u00edcias, eventos, informa\\u00e7\\u00f5es e dicas no bairro do Carr\\u00e3o e regi\\u00e3o\",\"inLanguage\":\"pt-BR\",\"publisher\":{\"@id\":\"https:\\\/\\\/www.encontracarrao.com.br\\\/sobre\\\/#organization\"}}]}\n\t\t<\/script>\n\t\t<!-- All in One SEO -->\n\n","aioseo_head_json":{"title":"Elei\u00e7\u00f5es do Cades acontecem dia 27 na sede da Subprefeitura Aricanduva\/Formosa\/Carr\u00e3o | Encontra Carr\u00e3o","description":"A Elei\u00e7\u00e3o dos Conselheiros representantes da sociedade civil no Conselho Regional de Meio Ambiente, Desenvolvimento Sustent\u00e1vel e Cultura de Paz da Subprefeitura Aricanduva\/Formosa\/Carr\u00e3o acontece dia 27 na sede da Subprefeitura, das 10h \u00e0s 16h horas. Para participar como eleitor, o mun\u00edcipe deve residir ou trabalhar na regi\u00e3o da Subprefeitura, ser maior de 16 anos e trazer um documento","canonical_url":"https:\/\/www.encontracarrao.com.br\/sobre\/eleicoes-do-cades-acontecem-dia-27-na-sede-da-subprefeitura-aricanduvaformosacarrao\/","robots":"max-image-preview:large","keywords":"","webmasterTools":{"miscellaneous":""},"schema":{"@context":"https:\/\/schema.org","@graph":[{"@type":"Article","@id":"https:\/\/www.encontracarrao.com.br\/sobre\/eleicoes-do-cades-acontecem-dia-27-na-sede-da-subprefeitura-aricanduvaformosacarrao\/#article","name":"Elei\u00e7\u00f5es do Cades acontecem dia 27 na sede da Subprefeitura Aricanduva\/Formosa\/Carr\u00e3o | Encontra Carr\u00e3o","headline":"Elei\u00e7\u00f5es do Cades acontecem dia 27 na sede da Subprefeitura Aricanduva\/Formosa\/Carr\u00e3o","author":{"@id":"https:\/\/www.encontracarrao.com.br\/sobre\/author\/ecarrao\/#author"},"publisher":{"@id":"https:\/\/www.encontracarrao.com.br\/sobre\/#organization"},"datePublished":"2013-10-24T12:01:40-02:00","dateModified":"2019-04-29T17:25:33-02:00","inLanguage":"pt-BR","mainEntityOfPage":{"@id":"https:\/\/www.encontracarrao.com.br\/sobre\/eleicoes-do-cades-acontecem-dia-27-na-sede-da-subprefeitura-aricanduvaformosacarrao\/#webpage"},"isPartOf":{"@id":"https:\/\/www.encontracarrao.com.br\/sobre\/eleicoes-do-cades-acontecem-dia-27-na-sede-da-subprefeitura-aricanduvaformosacarrao\/#webpage"},"articleSection":"Not\u00edcias Carr\u00e3o"},{"@type":"BreadcrumbList","@id":"https:\/\/www.encontracarrao.com.br\/sobre\/eleicoes-do-cades-acontecem-dia-27-na-sede-da-subprefeitura-aricanduvaformosacarrao\/#breadcrumblist","itemListElement":[{"@type":"ListItem","@id":"https:\/\/www.encontracarrao.com.br\/sobre#listItem","position":1,"name":"In\u00edcio","item":"https:\/\/www.encontracarrao.com.br\/sobre","nextItem":{"@type":"ListItem","@id":"https:\/\/www.encontracarrao.com.br\/sobre\/noticias-no-carrao\/#listItem","name":"Not\u00edcias Carr\u00e3o"}},{"@type":"ListItem","@id":"https:\/\/www.encontracarrao.com.br\/sobre\/noticias-no-carrao\/#listItem","position":2,"name":"Not\u00edcias Carr\u00e3o","item":"https:\/\/www.encontracarrao.com.br\/sobre\/noticias-no-carrao\/","nextItem":{"@type":"ListItem","@id":"https:\/\/www.encontracarrao.com.br\/sobre\/eleicoes-do-cades-acontecem-dia-27-na-sede-da-subprefeitura-aricanduvaformosacarrao\/#listItem","name":"Elei\u00e7\u00f5es do Cades acontecem dia 27 na sede da Subprefeitura Aricanduva\/Formosa\/Carr\u00e3o"},"previousItem":{"@type":"ListItem","@id":"https:\/\/www.encontracarrao.com.br\/sobre#listItem","name":"In\u00edcio"}},{"@type":"ListItem","@id":"https:\/\/www.encontracarrao.com.br\/sobre\/eleicoes-do-cades-acontecem-dia-27-na-sede-da-subprefeitura-aricanduvaformosacarrao\/#listItem","position":3,"name":"Elei\u00e7\u00f5es do Cades acontecem dia 27 na sede da Subprefeitura Aricanduva\/Formosa\/Carr\u00e3o","previousItem":{"@type":"ListItem","@id":"https:\/\/www.encontracarrao.com.br\/sobre\/noticias-no-carrao\/#listItem","name":"Not\u00edcias Carr\u00e3o"}}]},{"@type":"Organization","@id":"https:\/\/www.encontracarrao.com.br\/sobre\/#organization","name":"Encontra Carr\u00e3o","description":"Not\u00edcias, eventos, informa\u00e7\u00f5es e dicas no bairro do Carr\u00e3o e regi\u00e3o","url":"https:\/\/www.encontracarrao.com.br\/sobre\/"},{"@type":"Person","@id":"https:\/\/www.encontracarrao.com.br\/sobre\/author\/ecarrao\/#author","url":"https:\/\/www.encontracarrao.com.br\/sobre\/author\/ecarrao\/","name":"Encontra Carr\u00e3o","image":{"@type":"ImageObject","@id":"https:\/\/www.encontracarrao.com.br\/sobre\/eleicoes-do-cades-acontecem-dia-27-na-sede-da-subprefeitura-aricanduvaformosacarrao\/#authorImage","url":"https:\/\/secure.gravatar.com\/avatar\/507340682b8270222e1f208e23198b6ae7e2c6a1033ae84e99bc6bce4f82a387?s=96&d=mm&r=g","width":96,"height":96,"caption":"Encontra Carr\u00e3o"}},{"@type":"WebPage","@id":"https:\/\/www.encontracarrao.com.br\/sobre\/eleicoes-do-cades-acontecem-dia-27-na-sede-da-subprefeitura-aricanduvaformosacarrao\/#webpage","url":"https:\/\/www.encontracarrao.com.br\/sobre\/eleicoes-do-cades-acontecem-dia-27-na-sede-da-subprefeitura-aricanduvaformosacarrao\/","name":"Elei\u00e7\u00f5es do Cades acontecem dia 27 na sede da Subprefeitura Aricanduva\/Formosa\/Carr\u00e3o | Encontra Carr\u00e3o","description":"A Elei\u00e7\u00e3o dos Conselheiros representantes da sociedade civil no Conselho Regional de Meio Ambiente, Desenvolvimento Sustent\u00e1vel e Cultura de Paz da Subprefeitura Aricanduva\/Formosa\/Carr\u00e3o acontece dia 27 na sede da Subprefeitura, das 10h \u00e0s 16h horas. Para participar como eleitor, o mun\u00edcipe deve residir ou trabalhar na regi\u00e3o da Subprefeitura, ser maior de 16 anos e trazer um documento","inLanguage":"pt-BR","isPartOf":{"@id":"https:\/\/www.encontracarrao.com.br\/sobre\/#website"},"breadcrumb":{"@id":"https:\/\/www.encontracarrao.com.br\/sobre\/eleicoes-do-cades-acontecem-dia-27-na-sede-da-subprefeitura-aricanduvaformosacarrao\/#breadcrumblist"},"author":{"@id":"https:\/\/www.encontracarrao.com.br\/sobre\/author\/ecarrao\/#author"},"creator":{"@id":"https:\/\/www.encontracarrao.com.br\/sobre\/author\/ecarrao\/#author"},"datePublished":"2013-10-24T12:01:40-02:00","dateModified":"2019-04-29T17:25:33-02:00"},{"@type":"WebSite","@id":"https:\/\/www.encontracarrao.com.br\/sobre\/#website","url":"https:\/\/www.encontracarrao.com.br\/sobre\/","name":"Encontra Carr\u00e3o","description":"Not\u00edcias, eventos, informa\u00e7\u00f5es e dicas no bairro do Carr\u00e3o e regi\u00e3o","inLanguage":"pt-BR","publisher":{"@id":"https:\/\/www.encontracarrao.com.br\/sobre\/#organization"}}]},"og:locale":"pt_BR","og:site_name":"Encontra Carr\u00e3o | Not\u00edcias, eventos, informa\u00e7\u00f5es e dicas no bairro do Carr\u00e3o e regi\u00e3o","og:type":"article","og:title":"Elei\u00e7\u00f5es do Cades acontecem dia 27 na sede da Subprefeitura Aricanduva\/Formosa\/Carr\u00e3o | Encontra Carr\u00e3o","og:description":"A Elei\u00e7\u00e3o dos Conselheiros representantes da sociedade civil no Conselho Regional de Meio Ambiente, Desenvolvimento Sustent\u00e1vel e Cultura de Paz da Subprefeitura Aricanduva\/Formosa\/Carr\u00e3o acontece dia 27 na sede da Subprefeitura, das 10h \u00e0s 16h horas. Para participar como eleitor, o mun\u00edcipe deve residir ou trabalhar na regi\u00e3o da Subprefeitura, ser maior de 16 anos e trazer um documento","og:url":"https:\/\/www.encontracarrao.com.br\/sobre\/eleicoes-do-cades-acontecem-dia-27-na-sede-da-subprefeitura-aricanduvaformosacarrao\/","article:published_time":"2013-10-24T14:01:40+00:00","article:modified_time":"2019-04-29T19:25:33+00:00","twitter:card":"summary_large_image","twitter:title":"Elei\u00e7\u00f5es do Cades acontecem dia 27 na sede da Subprefeitura Aricanduva\/Formosa\/Carr\u00e3o | Encontra Carr\u00e3o","twitter:description":"A Elei\u00e7\u00e3o dos Conselheiros representantes da sociedade civil no Conselho Regional de Meio Ambiente, Desenvolvimento Sustent\u00e1vel e Cultura de Paz da Subprefeitura Aricanduva\/Formosa\/Carr\u00e3o acontece dia 27 na sede da Subprefeitura, das 10h \u00e0s 16h horas. Para participar como eleitor, o mun\u00edcipe deve residir ou trabalhar na regi\u00e3o da Subprefeitura, ser maior de 16 anos e trazer um documento"},"aioseo_meta_data":{"post_id":"1001","title":null,"description":null,"keywords":null,"keyphrases":null,"primary_term":null,"canonical_url":null,"og_title":null,"og_description":null,"og_object_type":"default","og_image_type":"default","og_image_url":null,"og_image_width":null,"og_image_height":null,"og_image_custom_url":null,"og_image_custom_fields":null,"og_video":null,"og_custom_url":null,"og_article_section":null,"og_article_tags":null,"twitter_use_og":false,"twitter_card":"default","twitter_image_type":"default","twitter_image_url":null,"twitter_image_custom_url":null,"twitter_image_custom_fields":null,"twitter_title":null,"twitter_description":null,"schema":{"blockGraphs":[],"customGraphs":[],"default":{"data":{"Article":[],"Course":[],"Dataset":[],"FAQPage":[],"Movie":[],"Person":[],"Product":[],"ProductReview":[],"Car":[],"Recipe":[],"Service":[],"SoftwareApplication":[],"WebPage":[]},"graphName":"Article","isEnabled":true},"graphs":[]},"schema_type":"default","schema_type_options":null,"pillar_content":false,"robots_default":true,"robots_noindex":false,"robots_noarchive":false,"robots_nosnippet":false,"robots_nofollow":false,"robots_noimageindex":false,"robots_noodp":false,"robots_notranslate":false,"robots_max_snippet":null,"robots_max_videopreview":null,"robots_max_imagepreview":"large","priority":null,"frequency":null,"local_seo":null,"limit_modified_date":false,"created":"2024-08-15 16:29:13","updated":"2026-08-06 00:10:35","focus_keyword":null,"additional_keywords":null,"truseo_locale":null,"ai":null,"breadcrumb_settings":null,"seo_analyzer_scan_date":null},"aioseo_breadcrumb":"<div class=\"aioseo-breadcrumbs\"><span class=\"aioseo-breadcrumb\">\n\t\t\t<a href=\"https:\/\/www.encontracarrao.com.br\/sobre\" title=\"In\u00edcio\">In\u00edcio<\/a>\n\t\t<\/span><span class=\"aioseo-breadcrumb-separator\">&raquo;<\/span><span class=\"aioseo-breadcrumb\">\n\t\t\t<a href=\"https:\/\/www.encontracarrao.com.br\/sobre\/noticias-no-carrao\/\" title=\"Not\u00edcias Carr\u00e3o\">Not\u00edcias Carr\u00e3o<\/a>\n\t\t<\/span><span class=\"aioseo-breadcrumb-separator\">&raquo;<\/span><span class=\"aioseo-breadcrumb\">\n\t\t\tElei\u00e7\u00f5es do Cades acontecem dia 27 na sede da Subprefeitura Aricanduva\/Formosa\/Carr\u00e3o\n\t\t<\/span><\/div>","aioseo_breadcrumb_json":[{"label":"In\u00edcio","link":"https:\/\/www.encontracarrao.com.br\/sobre"},{"label":"Not\u00edcias Carr\u00e3o","link":"https:\/\/www.encontracarrao.com.br\/sobre\/noticias-no-carrao\/"},{"label":"Elei\u00e7\u00f5es do Cades acontecem dia 27 na sede da Subprefeitura Aricanduva\/Formosa\/Carr\u00e3o","link":"https:\/\/www.encontracarrao.com.br\/sobre\/eleicoes-do-cades-acontecem-dia-27-na-sede-da-subprefeitura-aricanduvaformosacarrao\/"}],"_links":{"self":[{"href":"https:\/\/www.encontracarrao.com.br\/sobre\/wp-json\/wp\/v2\/posts\/1001","targetHints":{"allow":["GET"]}}],"collection":[{"href":"https:\/\/www.encontracarrao.com.br\/sobre\/wp-json\/wp\/v2\/posts"}],"about":[{"href":"https:\/\/www.encontracarrao.com.br\/sobre\/wp-json\/wp\/v2\/types\/post"}],"author":[{"embeddable":true,"href":"https:\/\/www.encontracarrao.com.br\/sobre\/wp-json\/wp\/v2\/users\/1"}],"replies":[{"embeddable":true,"href":"https:\/\/www.encontracarrao.com.br\/sobre\/wp-json\/wp\/v2\/comments?post=1001"}],"version-history":[{"count":0,"href":"https:\/\/www.encontracarrao.com.br\/sobre\/wp-json\/wp\/v2\/posts\/1001\/revisions"}],"wp:attachment":[{"href":"https:\/\/www.encontracarrao.com.br\/sobre\/wp-json\/wp\/v2\/media?parent=1001"}],"wp:term":[{"taxonomy":"category","embeddable":true,"href":"https:\/\/www.encontracarrao.com.br\/sobre\/wp-json\/wp\/v2\/categories?post=1001"},{"taxonomy":"post_tag","embeddable":true,"href":"https:\/\/www.encontracarrao.com.br\/sobre\/wp-json\/wp\/v2\/tags?post=1001"}],"curies":[{"name":"wp","href":"https:\/\/api.w.org\/{rel}","templated":true}]}}