{"id":1421,"date":"2026-02-21T11:43:18","date_gmt":"2026-02-21T13:43:18","guid":{"rendered":"https:\/\/www.encontracarrao.com.br\/sobre\/gomes-da-costa-e-atacadao-lancam-promocao-carrao-na-mao-e-no-atacadao\/"},"modified":"2026-02-21T11:43:18","modified_gmt":"2026-02-21T13:43:18","slug":"gomes-da-costa-e-atacadao-lancam-promocao-carrao-na-mao-e-no-atacadao","status":"publish","type":"post","link":"https:\/\/www.encontracarrao.com.br\/sobre\/gomes-da-costa-e-atacadao-lancam-promocao-carrao-na-mao-e-no-atacadao\/","title":{"rendered":"Gomes da Costa e Atacad\u00e3o lan\u00e7am promo\u00e7\u00e3o \u201cCarr\u00e3o na M\u00e3o \u00e9 no Atacad\u00e3o\u201d"},"content":{"rendered":"<div class=\"461e69fcc6d6b0f7eb69b9e5bee8c239\" data-index=\"1\" style=\"float: none; margin:0px;\">\n<!-- Anuncio display - global -->\r\n<ins class=\"adsbygoogle\"\r\n     style=\"display:block\"\r\n     data-ad-client=\"ca-pub-8585364105181520\"\r\n     data-ad-slot=\"8789329856\"\r\n     data-ad-format=\"auto\"\r\n     data-full-width-responsive=\"true\"><\/ins>\r\n<script>\r\n     (adsbygoogle = window.adsbygoogle || []).push({});\r\n<\/script>\n<\/div>\n<h2>Promo\u00e7\u00e3o &#8220;Carr\u00e3o na M\u00e3o \u00e9 no Atacad\u00e3o&#8221;<\/h2>\n<p>Uma nova a\u00e7\u00e3o promocional, intitulada <strong>&#8220;Carr\u00e3o na M\u00e3o \u00e9 no Atacad\u00e3o&#8221;<\/strong>, foi lan\u00e7ada em parceria entre a <strong>Gomes da Costa<\/strong> e o <strong>Atacad\u00e3o<\/strong>. Esta promo\u00e7\u00e3o visa promover o engajamento dos consumidores no ponto de venda (PDV) e estimular as vendas no atacarejo. Durante a promo\u00e7\u00e3o, os participantes t\u00eam a oportunidade de ganhar pr\u00eamios di\u00e1rios, pr\u00eamios semanais e ainda concorrer ao grande pr\u00eamio de uma <strong>caminhonete zero km<\/strong>.<\/p>\n<h2>Como Funciona a Promo\u00e7\u00e3o<\/h2>\n<p>A mec\u00e2nica da promo\u00e7\u00e3o \u00e9 bastante simples. Para participar, os consumidores devem realizar a compra de produtos participantes, gastando um valor m\u00ednimo de R$ 30 em um \u00fanico cupom fiscal eletr\u00f4nico, em qualquer loja do Atacad\u00e3o. Ap\u00f3s a compra, o pr\u00f3ximo passo \u00e9 acessar o site oficial da promo\u00e7\u00e3o e registrar os dados do cupom fiscal.<\/p>\n<h2>Datas Importantes<\/h2>\n<p>A campanha se desenrola entre <strong>19 de fevereiro de 2026 e 18 de maio de 2026<\/strong>. O per\u00edodo para o registro de cupons vai de <strong>19 de fevereiro at\u00e9 13 de maio de 2026<\/strong>.<\/p>\n<p><img decoding=\"async\" src=\"https:\/\/www.encontracarrao.com.br\/sobre\/wp-content\/uploads\/2026\/02\/gomes-da-costa-e-atacadao-lancam-promocao-carrao-na-mao-e-no-atacadao.webp\" alt=\"promo\u00e7\u00e3o no atacado\" loading=\"lazy\" \/><\/p>\n<h2>Valores M\u00ednimos e Participa\u00e7\u00e3o<\/h2>\n<p>Os consumidores devem gastar no m\u00ednimo R$ 30 em produtos eleg\u00edveis da Gomes da Costa para que possam participar da promo\u00e7\u00e3o. \u00c9 essencial que todas as compras estejam registradas em um \u00fanico cupom fiscal para garantir a elegibilidade.<\/p>\n<h2>Pr\u00eamios Di\u00e1rios e Semanais<\/h2>\n<p>Os pr\u00eamios incluem sorteios di\u00e1rios, onde diversos itens ser\u00e3o oferecidos, e pr\u00eamios semanais que tamb\u00e9m ser\u00e3o sorteados entre os participantes. O grande pr\u00eamio da campanha ser\u00e1 uma <strong>caminhonete zero km<\/strong>, o que certamente atrai muitos consumidores.<\/p>\n<h2>Como Cadastrar Seu Cupom<\/h2>\n<p>Para registrar o cupom, os participantes devem visitar o site da promo\u00e7\u00e3o, <a href=\"https:\/\/www.promoatacadaogomesdacosta.com.br\/\">www.promoatacadaogomesdacosta.com.br<\/a>, onde ser\u00e3o solicitadas informa\u00e7\u00f5es b\u00e1sicas do consumidor e os dados do cupom fiscal. Ap\u00f3s o cadastro, os participantes entrar\u00e3o automaticamente no sorteio.<\/p>\n<h2>Materiais de Apoio nas Lojas<\/h2>\n<p>Para aumentar a visibilidade da promo\u00e7\u00e3o, ser\u00e3o implementados materiais promocionais nos pontos de venda. Isso incluir\u00e1 banners, panfletos e outros materiais que facilitar\u00e3o a compreens\u00e3o e a promo\u00e7\u00e3o da a\u00e7\u00e3o entre os consumidores nas lojas Atacad\u00e3o.<\/p>\n<h2>Dicas para Maximizar Suas Chances<\/h2>\n<p>Para aumentar as chances de ganhar, recomenda-se que os consumidores:<\/p>\n<ul>\n<li>Realizem compras frequentes de produtos participantes para aumentar a gramatura de cupons cadastrados.<\/li>\n<li>Fiquem atentos \u00e0 troca de produtos que possam envolver promo\u00e7\u00f5es semelhantes, aumentando as possibilidades de requisitos de participa\u00e7\u00e3o.<\/li>\n<li>Envolvam-se ativamente nas redes sociais do Atacad\u00e3o e Gomes da Costa para eventuais promo\u00e7\u00f5es adicionais ou dicas que podem ser compartilhadas.<\/li>\n<\/ul>\n<h2>Atra\u00e7\u00e3o do P\u00fablico no PDV<\/h2>\n<p>A promo\u00e7\u00e3o &#8220;Carr\u00e3o na M\u00e3o \u00e9 no Atacad\u00e3o&#8221; busca n\u00e3o apenas aumentar as vendas, mas tamb\u00e9m criar um engajamento maior com os consumidores. Materiais de marketing, incluindo folhetos informativos e displays visuais nas lojas, j\u00e1 est\u00e3o sendo implementados para garantir que os clientes sejam cientes da a\u00e7\u00e3o ao entrarem no ponto de venda.<\/p>\n<h2>Vantagens da Promo\u00e7\u00e3o<\/h2>\n<p>Os benef\u00edcios que esta campanha traz s\u00e3o:<\/p>\n<ul>\n<li><strong>Aumento da Fidelidade:<\/strong> A\u00e7\u00e3o de marketing que promove a lealdade, incentivando compras regulares.<\/li>\n<li><strong>Pr\u00eamios Atrativos:<\/strong> O incentivo de pr\u00eamios, especialmente o carro, atrai muitos consumidores.<\/li>\n<li><strong>Melhor Visibilidade:<\/strong> Materiais promocionais ajudam a destacar os produtos que est\u00e3o participando da promo\u00e7\u00e3o.<\/li>\n<\/ul>\n<h2>O que Esperar no Sorteio Final<\/h2>\n<p>O sorteio final, agendado para o encerramento da promo\u00e7\u00e3o, promete ser uma ocasi\u00e3o emocionante, onde o grande pr\u00eamio ser\u00e1 entregue ao felizardo que se registrar corretamente. Os participantes devem ficar atentos ao site e \u00e0s redes sociais para os an\u00fancios dos vencedores.<\/p>\n\n<div style=\"font-size: 0px; height: 0px; line-height: 0px; margin: 0; padding: 0; clear: both;\"><\/div>","protected":false},"excerpt":{"rendered":"<p>Participe da promo\u00e7\u00e3o imperd\u00edvel e concorra a pr\u00eamios incr\u00edveis no Atacad\u00e3o!<\/p>\n","protected":false},"author":1,"featured_media":1420,"comment_status":"open","ping_status":"closed","sticky":false,"template":"","format":"standard","meta":{"footnotes":""},"categories":[6],"tags":[],"class_list":["post-1421","post","type-post","status-publish","format-standard","has-post-thumbnail","hentry","category-noticias-no-carrao","has_thumb"],"aioseo_notices":[],"aioseo_head":"\n\t\t<!-- All in One SEO 5.0.0.1 - aioseo.com -->\n\t<meta name=\"description\" content=\"Participe da promo\u00e7\u00e3o imperd\u00edvel e concorra a pr\u00eamios incr\u00edveis no Atacad\u00e3o!\" \/>\n\t<meta name=\"robots\" content=\"max-image-preview:large\" \/>\n\t<meta name=\"author\" content=\"Encontra Carr\u00e3o\"\/>\n\t<link rel=\"canonical\" href=\"https:\/\/www.encontracarrao.com.br\/sobre\/gomes-da-costa-e-atacadao-lancam-promocao-carrao-na-mao-e-no-atacadao\/\" \/>\n\t<meta name=\"generator\" content=\"All in One SEO (AIOSEO) 5.0.0.1\" \/>\n\t\t<meta property=\"og:locale\" content=\"pt_BR\" \/>\n\t\t<meta property=\"og:site_name\" content=\"Encontra Carr\u00e3o | Not\u00edcias, eventos, informa\u00e7\u00f5es e dicas no bairro do Carr\u00e3o e regi\u00e3o\" \/>\n\t\t<meta property=\"og:type\" content=\"article\" \/>\n\t\t<meta property=\"og:title\" content=\"Gomes da Costa e Atacad\u00e3o lan\u00e7am promo\u00e7\u00e3o \u201cCarr\u00e3o na M\u00e3o \u00e9 no Atacad\u00e3o\u201d | Encontra Carr\u00e3o\" \/>\n\t\t<meta property=\"og:description\" content=\"Participe da promo\u00e7\u00e3o imperd\u00edvel e concorra a pr\u00eamios incr\u00edveis no Atacad\u00e3o!\" \/>\n\t\t<meta property=\"og:url\" content=\"https:\/\/www.encontracarrao.com.br\/sobre\/gomes-da-costa-e-atacadao-lancam-promocao-carrao-na-mao-e-no-atacadao\/\" \/>\n\t\t<meta property=\"article:published_time\" content=\"2026-02-21T13:43:18+00:00\" \/>\n\t\t<meta property=\"article:modified_time\" content=\"2026-02-21T13:43:18+00:00\" \/>\n\t\t<meta name=\"twitter:card\" content=\"summary_large_image\" \/>\n\t\t<meta name=\"twitter:title\" content=\"Gomes da Costa e Atacad\u00e3o lan\u00e7am promo\u00e7\u00e3o \u201cCarr\u00e3o na M\u00e3o \u00e9 no Atacad\u00e3o\u201d | Encontra Carr\u00e3o\" \/>\n\t\t<meta name=\"twitter:description\" content=\"Participe da promo\u00e7\u00e3o imperd\u00edvel e concorra a pr\u00eamios incr\u00edveis no Atacad\u00e3o!\" \/>\n\t\t<script type=\"application\/ld+json\" class=\"aioseo-schema\">\n\t\t\t{\"@context\":\"https:\\\/\\\/schema.org\",\"@graph\":[{\"@type\":\"Article\",\"@id\":\"https:\\\/\\\/www.encontracarrao.com.br\\\/sobre\\\/gomes-da-costa-e-atacadao-lancam-promocao-carrao-na-mao-e-no-atacadao\\\/#article\",\"name\":\"Gomes da Costa e Atacad\\u00e3o lan\\u00e7am promo\\u00e7\\u00e3o \\u201cCarr\\u00e3o na M\\u00e3o \\u00e9 no Atacad\\u00e3o\\u201d | Encontra Carr\\u00e3o\",\"headline\":\"Gomes da Costa e Atacad\\u00e3o lan\\u00e7am promo\\u00e7\\u00e3o \\u201cCarr\\u00e3o na M\\u00e3o \\u00e9 no Atacad\\u00e3o\\u201d\",\"author\":{\"@id\":\"https:\\\/\\\/www.encontracarrao.com.br\\\/sobre\\\/author\\\/ecarrao\\\/#author\"},\"publisher\":{\"@id\":\"https:\\\/\\\/www.encontracarrao.com.br\\\/sobre\\\/#organization\"},\"image\":{\"@type\":\"ImageObject\",\"url\":\"https:\\\/\\\/www.encontracarrao.com.br\\\/sobre\\\/wp-content\\\/uploads\\\/2026\\\/02\\\/gomes-da-costa-e-atacadao-lancam-promocao-carrao-na-mao-e-no-atacadao.webp\",\"width\":280,\"height\":280,\"caption\":\"promo\\u00e7\\u00e3o no atacado\"},\"datePublished\":\"2026-02-21T11:43:18-02:00\",\"dateModified\":\"2026-02-21T11:43:18-02:00\",\"inLanguage\":\"pt-BR\",\"mainEntityOfPage\":{\"@id\":\"https:\\\/\\\/www.encontracarrao.com.br\\\/sobre\\\/gomes-da-costa-e-atacadao-lancam-promocao-carrao-na-mao-e-no-atacadao\\\/#webpage\"},\"isPartOf\":{\"@id\":\"https:\\\/\\\/www.encontracarrao.com.br\\\/sobre\\\/gomes-da-costa-e-atacadao-lancam-promocao-carrao-na-mao-e-no-atacadao\\\/#webpage\"},\"articleSection\":\"Not\\u00edcias Carr\\u00e3o\"},{\"@type\":\"BreadcrumbList\",\"@id\":\"https:\\\/\\\/www.encontracarrao.com.br\\\/sobre\\\/gomes-da-costa-e-atacadao-lancam-promocao-carrao-na-mao-e-no-atacadao\\\/#breadcrumblist\",\"itemListElement\":[{\"@type\":\"ListItem\",\"@id\":\"https:\\\/\\\/www.encontracarrao.com.br\\\/sobre#listItem\",\"position\":1,\"name\":\"In\\u00edcio\",\"item\":\"https:\\\/\\\/www.encontracarrao.com.br\\\/sobre\",\"nextItem\":{\"@type\":\"ListItem\",\"@id\":\"https:\\\/\\\/www.encontracarrao.com.br\\\/sobre\\\/noticias-no-carrao\\\/#listItem\",\"name\":\"Not\\u00edcias Carr\\u00e3o\"}},{\"@type\":\"ListItem\",\"@id\":\"https:\\\/\\\/www.encontracarrao.com.br\\\/sobre\\\/noticias-no-carrao\\\/#listItem\",\"position\":2,\"name\":\"Not\\u00edcias Carr\\u00e3o\",\"item\":\"https:\\\/\\\/www.encontracarrao.com.br\\\/sobre\\\/noticias-no-carrao\\\/\",\"nextItem\":{\"@type\":\"ListItem\",\"@id\":\"https:\\\/\\\/www.encontracarrao.com.br\\\/sobre\\\/gomes-da-costa-e-atacadao-lancam-promocao-carrao-na-mao-e-no-atacadao\\\/#listItem\",\"name\":\"Gomes da Costa e Atacad\\u00e3o lan\\u00e7am promo\\u00e7\\u00e3o \\u201cCarr\\u00e3o na M\\u00e3o \\u00e9 no Atacad\\u00e3o\\u201d\"},\"previousItem\":{\"@type\":\"ListItem\",\"@id\":\"https:\\\/\\\/www.encontracarrao.com.br\\\/sobre#listItem\",\"name\":\"In\\u00edcio\"}},{\"@type\":\"ListItem\",\"@id\":\"https:\\\/\\\/www.encontracarrao.com.br\\\/sobre\\\/gomes-da-costa-e-atacadao-lancam-promocao-carrao-na-mao-e-no-atacadao\\\/#listItem\",\"position\":3,\"name\":\"Gomes da Costa e Atacad\\u00e3o lan\\u00e7am promo\\u00e7\\u00e3o \\u201cCarr\\u00e3o na M\\u00e3o \\u00e9 no Atacad\\u00e3o\\u201d\",\"previousItem\":{\"@type\":\"ListItem\",\"@id\":\"https:\\\/\\\/www.encontracarrao.com.br\\\/sobre\\\/noticias-no-carrao\\\/#listItem\",\"name\":\"Not\\u00edcias Carr\\u00e3o\"}}]},{\"@type\":\"Organization\",\"@id\":\"https:\\\/\\\/www.encontracarrao.com.br\\\/sobre\\\/#organization\",\"name\":\"Encontra Carr\\u00e3o\",\"description\":\"Not\\u00edcias, eventos, informa\\u00e7\\u00f5es e dicas no bairro do Carr\\u00e3o e regi\\u00e3o\",\"url\":\"https:\\\/\\\/www.encontracarrao.com.br\\\/sobre\\\/\"},{\"@type\":\"Person\",\"@id\":\"https:\\\/\\\/www.encontracarrao.com.br\\\/sobre\\\/author\\\/ecarrao\\\/#author\",\"url\":\"https:\\\/\\\/www.encontracarrao.com.br\\\/sobre\\\/author\\\/ecarrao\\\/\",\"name\":\"Encontra Carr\\u00e3o\",\"image\":{\"@type\":\"ImageObject\",\"@id\":\"https:\\\/\\\/www.encontracarrao.com.br\\\/sobre\\\/gomes-da-costa-e-atacadao-lancam-promocao-carrao-na-mao-e-no-atacadao\\\/#authorImage\",\"url\":\"https:\\\/\\\/secure.gravatar.com\\\/avatar\\\/507340682b8270222e1f208e23198b6ae7e2c6a1033ae84e99bc6bce4f82a387?s=96&d=mm&r=g\",\"width\":96,\"height\":96,\"caption\":\"Encontra Carr\\u00e3o\"}},{\"@type\":\"WebPage\",\"@id\":\"https:\\\/\\\/www.encontracarrao.com.br\\\/sobre\\\/gomes-da-costa-e-atacadao-lancam-promocao-carrao-na-mao-e-no-atacadao\\\/#webpage\",\"url\":\"https:\\\/\\\/www.encontracarrao.com.br\\\/sobre\\\/gomes-da-costa-e-atacadao-lancam-promocao-carrao-na-mao-e-no-atacadao\\\/\",\"name\":\"Gomes da Costa e Atacad\\u00e3o lan\\u00e7am promo\\u00e7\\u00e3o \\u201cCarr\\u00e3o na M\\u00e3o \\u00e9 no Atacad\\u00e3o\\u201d | Encontra Carr\\u00e3o\",\"description\":\"Participe da promo\\u00e7\\u00e3o imperd\\u00edvel e concorra a pr\\u00eamios incr\\u00edveis no Atacad\\u00e3o!\",\"inLanguage\":\"pt-BR\",\"isPartOf\":{\"@id\":\"https:\\\/\\\/www.encontracarrao.com.br\\\/sobre\\\/#website\"},\"breadcrumb\":{\"@id\":\"https:\\\/\\\/www.encontracarrao.com.br\\\/sobre\\\/gomes-da-costa-e-atacadao-lancam-promocao-carrao-na-mao-e-no-atacadao\\\/#breadcrumblist\"},\"author\":{\"@id\":\"https:\\\/\\\/www.encontracarrao.com.br\\\/sobre\\\/author\\\/ecarrao\\\/#author\"},\"creator\":{\"@id\":\"https:\\\/\\\/www.encontracarrao.com.br\\\/sobre\\\/author\\\/ecarrao\\\/#author\"},\"image\":{\"@type\":\"ImageObject\",\"url\":\"https:\\\/\\\/www.encontracarrao.com.br\\\/sobre\\\/wp-content\\\/uploads\\\/2026\\\/02\\\/gomes-da-costa-e-atacadao-lancam-promocao-carrao-na-mao-e-no-atacadao.webp\",\"@id\":\"https:\\\/\\\/www.encontracarrao.com.br\\\/sobre\\\/gomes-da-costa-e-atacadao-lancam-promocao-carrao-na-mao-e-no-atacadao\\\/#mainImage\",\"width\":280,\"height\":280,\"caption\":\"promo\\u00e7\\u00e3o no atacado\"},\"primaryImageOfPage\":{\"@id\":\"https:\\\/\\\/www.encontracarrao.com.br\\\/sobre\\\/gomes-da-costa-e-atacadao-lancam-promocao-carrao-na-mao-e-no-atacadao\\\/#mainImage\"},\"datePublished\":\"2026-02-21T11:43:18-02:00\",\"dateModified\":\"2026-02-21T11:43:18-02:00\"},{\"@type\":\"WebSite\",\"@id\":\"https:\\\/\\\/www.encontracarrao.com.br\\\/sobre\\\/#website\",\"url\":\"https:\\\/\\\/www.encontracarrao.com.br\\\/sobre\\\/\",\"name\":\"Encontra Carr\\u00e3o\",\"description\":\"Not\\u00edcias, eventos, informa\\u00e7\\u00f5es e dicas no bairro do Carr\\u00e3o e regi\\u00e3o\",\"inLanguage\":\"pt-BR\",\"publisher\":{\"@id\":\"https:\\\/\\\/www.encontracarrao.com.br\\\/sobre\\\/#organization\"}}]}\n\t\t<\/script>\n\t\t<!-- All in One SEO -->\n\n","aioseo_head_json":{"title":"Gomes da Costa e Atacad\u00e3o lan\u00e7am promo\u00e7\u00e3o \u201cCarr\u00e3o na M\u00e3o \u00e9 no Atacad\u00e3o\u201d | Encontra Carr\u00e3o","description":"Participe da promo\u00e7\u00e3o imperd\u00edvel e concorra a pr\u00eamios incr\u00edveis no Atacad\u00e3o!","canonical_url":"https:\/\/www.encontracarrao.com.br\/sobre\/gomes-da-costa-e-atacadao-lancam-promocao-carrao-na-mao-e-no-atacadao\/","robots":"max-image-preview:large","keywords":"","webmasterTools":{"miscellaneous":""},"schema":{"@context":"https:\/\/schema.org","@graph":[{"@type":"Article","@id":"https:\/\/www.encontracarrao.com.br\/sobre\/gomes-da-costa-e-atacadao-lancam-promocao-carrao-na-mao-e-no-atacadao\/#article","name":"Gomes da Costa e Atacad\u00e3o lan\u00e7am promo\u00e7\u00e3o \u201cCarr\u00e3o na M\u00e3o \u00e9 no Atacad\u00e3o\u201d | Encontra Carr\u00e3o","headline":"Gomes da Costa e Atacad\u00e3o lan\u00e7am promo\u00e7\u00e3o \u201cCarr\u00e3o na M\u00e3o \u00e9 no Atacad\u00e3o\u201d","author":{"@id":"https:\/\/www.encontracarrao.com.br\/sobre\/author\/ecarrao\/#author"},"publisher":{"@id":"https:\/\/www.encontracarrao.com.br\/sobre\/#organization"},"image":{"@type":"ImageObject","url":"https:\/\/www.encontracarrao.com.br\/sobre\/wp-content\/uploads\/2026\/02\/gomes-da-costa-e-atacadao-lancam-promocao-carrao-na-mao-e-no-atacadao.webp","width":280,"height":280,"caption":"promo\u00e7\u00e3o no atacado"},"datePublished":"2026-02-21T11:43:18-02:00","dateModified":"2026-02-21T11:43:18-02:00","inLanguage":"pt-BR","mainEntityOfPage":{"@id":"https:\/\/www.encontracarrao.com.br\/sobre\/gomes-da-costa-e-atacadao-lancam-promocao-carrao-na-mao-e-no-atacadao\/#webpage"},"isPartOf":{"@id":"https:\/\/www.encontracarrao.com.br\/sobre\/gomes-da-costa-e-atacadao-lancam-promocao-carrao-na-mao-e-no-atacadao\/#webpage"},"articleSection":"Not\u00edcias Carr\u00e3o"},{"@type":"BreadcrumbList","@id":"https:\/\/www.encontracarrao.com.br\/sobre\/gomes-da-costa-e-atacadao-lancam-promocao-carrao-na-mao-e-no-atacadao\/#breadcrumblist","itemListElement":[{"@type":"ListItem","@id":"https:\/\/www.encontracarrao.com.br\/sobre#listItem","position":1,"name":"In\u00edcio","item":"https:\/\/www.encontracarrao.com.br\/sobre","nextItem":{"@type":"ListItem","@id":"https:\/\/www.encontracarrao.com.br\/sobre\/noticias-no-carrao\/#listItem","name":"Not\u00edcias Carr\u00e3o"}},{"@type":"ListItem","@id":"https:\/\/www.encontracarrao.com.br\/sobre\/noticias-no-carrao\/#listItem","position":2,"name":"Not\u00edcias Carr\u00e3o","item":"https:\/\/www.encontracarrao.com.br\/sobre\/noticias-no-carrao\/","nextItem":{"@type":"ListItem","@id":"https:\/\/www.encontracarrao.com.br\/sobre\/gomes-da-costa-e-atacadao-lancam-promocao-carrao-na-mao-e-no-atacadao\/#listItem","name":"Gomes da Costa e Atacad\u00e3o lan\u00e7am promo\u00e7\u00e3o \u201cCarr\u00e3o na M\u00e3o \u00e9 no Atacad\u00e3o\u201d"},"previousItem":{"@type":"ListItem","@id":"https:\/\/www.encontracarrao.com.br\/sobre#listItem","name":"In\u00edcio"}},{"@type":"ListItem","@id":"https:\/\/www.encontracarrao.com.br\/sobre\/gomes-da-costa-e-atacadao-lancam-promocao-carrao-na-mao-e-no-atacadao\/#listItem","position":3,"name":"Gomes da Costa e Atacad\u00e3o lan\u00e7am promo\u00e7\u00e3o \u201cCarr\u00e3o na M\u00e3o \u00e9 no Atacad\u00e3o\u201d","previousItem":{"@type":"ListItem","@id":"https:\/\/www.encontracarrao.com.br\/sobre\/noticias-no-carrao\/#listItem","name":"Not\u00edcias Carr\u00e3o"}}]},{"@type":"Organization","@id":"https:\/\/www.encontracarrao.com.br\/sobre\/#organization","name":"Encontra Carr\u00e3o","description":"Not\u00edcias, eventos, informa\u00e7\u00f5es e dicas no bairro do Carr\u00e3o e regi\u00e3o","url":"https:\/\/www.encontracarrao.com.br\/sobre\/"},{"@type":"Person","@id":"https:\/\/www.encontracarrao.com.br\/sobre\/author\/ecarrao\/#author","url":"https:\/\/www.encontracarrao.com.br\/sobre\/author\/ecarrao\/","name":"Encontra Carr\u00e3o","image":{"@type":"ImageObject","@id":"https:\/\/www.encontracarrao.com.br\/sobre\/gomes-da-costa-e-atacadao-lancam-promocao-carrao-na-mao-e-no-atacadao\/#authorImage","url":"https:\/\/secure.gravatar.com\/avatar\/507340682b8270222e1f208e23198b6ae7e2c6a1033ae84e99bc6bce4f82a387?s=96&d=mm&r=g","width":96,"height":96,"caption":"Encontra Carr\u00e3o"}},{"@type":"WebPage","@id":"https:\/\/www.encontracarrao.com.br\/sobre\/gomes-da-costa-e-atacadao-lancam-promocao-carrao-na-mao-e-no-atacadao\/#webpage","url":"https:\/\/www.encontracarrao.com.br\/sobre\/gomes-da-costa-e-atacadao-lancam-promocao-carrao-na-mao-e-no-atacadao\/","name":"Gomes da Costa e Atacad\u00e3o lan\u00e7am promo\u00e7\u00e3o \u201cCarr\u00e3o na M\u00e3o \u00e9 no Atacad\u00e3o\u201d | Encontra Carr\u00e3o","description":"Participe da promo\u00e7\u00e3o imperd\u00edvel e concorra a pr\u00eamios incr\u00edveis no Atacad\u00e3o!","inLanguage":"pt-BR","isPartOf":{"@id":"https:\/\/www.encontracarrao.com.br\/sobre\/#website"},"breadcrumb":{"@id":"https:\/\/www.encontracarrao.com.br\/sobre\/gomes-da-costa-e-atacadao-lancam-promocao-carrao-na-mao-e-no-atacadao\/#breadcrumblist"},"author":{"@id":"https:\/\/www.encontracarrao.com.br\/sobre\/author\/ecarrao\/#author"},"creator":{"@id":"https:\/\/www.encontracarrao.com.br\/sobre\/author\/ecarrao\/#author"},"image":{"@type":"ImageObject","url":"https:\/\/www.encontracarrao.com.br\/sobre\/wp-content\/uploads\/2026\/02\/gomes-da-costa-e-atacadao-lancam-promocao-carrao-na-mao-e-no-atacadao.webp","@id":"https:\/\/www.encontracarrao.com.br\/sobre\/gomes-da-costa-e-atacadao-lancam-promocao-carrao-na-mao-e-no-atacadao\/#mainImage","width":280,"height":280,"caption":"promo\u00e7\u00e3o no atacado"},"primaryImageOfPage":{"@id":"https:\/\/www.encontracarrao.com.br\/sobre\/gomes-da-costa-e-atacadao-lancam-promocao-carrao-na-mao-e-no-atacadao\/#mainImage"},"datePublished":"2026-02-21T11:43:18-02:00","dateModified":"2026-02-21T11:43:18-02:00"},{"@type":"WebSite","@id":"https:\/\/www.encontracarrao.com.br\/sobre\/#website","url":"https:\/\/www.encontracarrao.com.br\/sobre\/","name":"Encontra Carr\u00e3o","description":"Not\u00edcias, eventos, informa\u00e7\u00f5es e dicas no bairro do Carr\u00e3o e regi\u00e3o","inLanguage":"pt-BR","publisher":{"@id":"https:\/\/www.encontracarrao.com.br\/sobre\/#organization"}}]},"og:locale":"pt_BR","og:site_name":"Encontra Carr\u00e3o | Not\u00edcias, eventos, informa\u00e7\u00f5es e dicas no bairro do Carr\u00e3o e regi\u00e3o","og:type":"article","og:title":"Gomes da Costa e Atacad\u00e3o lan\u00e7am promo\u00e7\u00e3o \u201cCarr\u00e3o na M\u00e3o \u00e9 no Atacad\u00e3o\u201d | Encontra Carr\u00e3o","og:description":"Participe da promo\u00e7\u00e3o imperd\u00edvel e concorra a pr\u00eamios incr\u00edveis no Atacad\u00e3o!","og:url":"https:\/\/www.encontracarrao.com.br\/sobre\/gomes-da-costa-e-atacadao-lancam-promocao-carrao-na-mao-e-no-atacadao\/","article:published_time":"2026-02-21T13:43:18+00:00","article:modified_time":"2026-02-21T13:43:18+00:00","twitter:card":"summary_large_image","twitter:title":"Gomes da Costa e Atacad\u00e3o lan\u00e7am promo\u00e7\u00e3o \u201cCarr\u00e3o na M\u00e3o \u00e9 no Atacad\u00e3o\u201d | Encontra Carr\u00e3o","twitter:description":"Participe da promo\u00e7\u00e3o imperd\u00edvel e concorra a pr\u00eamios incr\u00edveis no Atacad\u00e3o!"},"aioseo_meta_data":{"post_id":"1421","title":null,"description":null,"keywords":null,"keyphrases":null,"primary_term":null,"canonical_url":null,"og_title":null,"og_description":null,"og_object_type":"default","og_image_type":"default","og_image_url":null,"og_image_width":null,"og_image_height":null,"og_image_custom_url":null,"og_image_custom_fields":null,"og_video":null,"og_custom_url":null,"og_article_section":null,"og_article_tags":null,"twitter_use_og":false,"twitter_card":"default","twitter_image_type":"default","twitter_image_url":null,"twitter_image_custom_url":null,"twitter_image_custom_fields":null,"twitter_title":null,"twitter_description":null,"schema":{"blockGraphs":[],"customGraphs":[],"default":{"data":{"Article":[],"Course":[],"Dataset":[],"FAQPage":[],"Movie":[],"Person":[],"Product":[],"ProductReview":[],"Car":[],"Recipe":[],"Service":[],"SoftwareApplication":[],"WebPage":[]},"graphName":"Article","isEnabled":true},"graphs":[]},"schema_type":"default","schema_type_options":null,"pillar_content":false,"robots_default":true,"robots_noindex":false,"robots_noarchive":false,"robots_nosnippet":false,"robots_nofollow":false,"robots_noimageindex":false,"robots_noodp":false,"robots_notranslate":false,"robots_max_snippet":null,"robots_max_videopreview":null,"robots_max_imagepreview":"large","priority":null,"frequency":null,"local_seo":null,"limit_modified_date":false,"created":"2026-02-21 13:43:23","updated":"2026-08-06 02:11:33","focus_keyword":null,"additional_keywords":null,"truseo_locale":null,"ai":null,"breadcrumb_settings":null,"seo_analyzer_scan_date":null},"aioseo_breadcrumb":"<div class=\"aioseo-breadcrumbs\"><span class=\"aioseo-breadcrumb\">\n\t\t\t<a href=\"https:\/\/www.encontracarrao.com.br\/sobre\" title=\"In\u00edcio\">In\u00edcio<\/a>\n\t\t<\/span><span class=\"aioseo-breadcrumb-separator\">&raquo;<\/span><span class=\"aioseo-breadcrumb\">\n\t\t\t<a href=\"https:\/\/www.encontracarrao.com.br\/sobre\/noticias-no-carrao\/\" title=\"Not\u00edcias Carr\u00e3o\">Not\u00edcias Carr\u00e3o<\/a>\n\t\t<\/span><span class=\"aioseo-breadcrumb-separator\">&raquo;<\/span><span class=\"aioseo-breadcrumb\">\n\t\t\tGomes da Costa e Atacad\u00e3o lan\u00e7am promo\u00e7\u00e3o \u201cCarr\u00e3o na M\u00e3o \u00e9 no Atacad\u00e3o\u201d\n\t\t<\/span><\/div>","aioseo_breadcrumb_json":[{"label":"In\u00edcio","link":"https:\/\/www.encontracarrao.com.br\/sobre"},{"label":"Not\u00edcias Carr\u00e3o","link":"https:\/\/www.encontracarrao.com.br\/sobre\/noticias-no-carrao\/"},{"label":"Gomes da Costa e Atacad\u00e3o lan\u00e7am promo\u00e7\u00e3o \u201cCarr\u00e3o na M\u00e3o \u00e9 no Atacad\u00e3o\u201d","link":"https:\/\/www.encontracarrao.com.br\/sobre\/gomes-da-costa-e-atacadao-lancam-promocao-carrao-na-mao-e-no-atacadao\/"}],"_links":{"self":[{"href":"https:\/\/www.encontracarrao.com.br\/sobre\/wp-json\/wp\/v2\/posts\/1421","targetHints":{"allow":["GET"]}}],"collection":[{"href":"https:\/\/www.encontracarrao.com.br\/sobre\/wp-json\/wp\/v2\/posts"}],"about":[{"href":"https:\/\/www.encontracarrao.com.br\/sobre\/wp-json\/wp\/v2\/types\/post"}],"author":[{"embeddable":true,"href":"https:\/\/www.encontracarrao.com.br\/sobre\/wp-json\/wp\/v2\/users\/1"}],"replies":[{"embeddable":true,"href":"https:\/\/www.encontracarrao.com.br\/sobre\/wp-json\/wp\/v2\/comments?post=1421"}],"version-history":[{"count":0,"href":"https:\/\/www.encontracarrao.com.br\/sobre\/wp-json\/wp\/v2\/posts\/1421\/revisions"}],"wp:featuredmedia":[{"embeddable":true,"href":"https:\/\/www.encontracarrao.com.br\/sobre\/wp-json\/wp\/v2\/media\/1420"}],"wp:attachment":[{"href":"https:\/\/www.encontracarrao.com.br\/sobre\/wp-json\/wp\/v2\/media?parent=1421"}],"wp:term":[{"taxonomy":"category","embeddable":true,"href":"https:\/\/www.encontracarrao.com.br\/sobre\/wp-json\/wp\/v2\/categories?post=1421"},{"taxonomy":"post_tag","embeddable":true,"href":"https:\/\/www.encontracarrao.com.br\/sobre\/wp-json\/wp\/v2\/tags?post=1421"}],"curies":[{"name":"wp","href":"https:\/\/api.w.org\/{rel}","templated":true}]}}