{"id":1455,"date":"2026-03-10T11:32:12","date_gmt":"2026-03-10T13:32:12","guid":{"rendered":"https:\/\/www.encontracarrao.com.br\/sobre\/pabllo-vittar-charanga-do-franca-vou-de-taxi-lua-vai-veja-blocos-que-saem-as-ruas-de-sp-nesta-segunda-de-carnaval\/"},"modified":"2026-03-10T11:32:12","modified_gmt":"2026-03-10T13:32:12","slug":"pabllo-vittar-charanga-do-franca-vou-de-taxi-lua-vai-veja-blocos-que-saem-as-ruas-de-sp-nesta-segunda-de-carnaval","status":"publish","type":"post","link":"https:\/\/www.encontracarrao.com.br\/sobre\/pabllo-vittar-charanga-do-franca-vou-de-taxi-lua-vai-veja-blocos-que-saem-as-ruas-de-sp-nesta-segunda-de-carnaval\/","title":{"rendered":"Pabllo Vittar, Charanga do Fran\u00e7a, Vou de T\u00e1xi, Lua Vai: veja blocos que saem \u00e0s ruas de SP nesta segunda de carnaval"},"content":{"rendered":"<div class=\"461e69fcc6d6b0f7eb69b9e5bee8c239\" data-index=\"1\" style=\"float: none; margin:0px;\">\n<!-- Anuncio display - global -->\r\n<ins class=\"adsbygoogle\"\r\n     style=\"display:block\"\r\n     data-ad-client=\"ca-pub-8585364105181520\"\r\n     data-ad-slot=\"8789329856\"\r\n     data-ad-format=\"auto\"\r\n     data-full-width-responsive=\"true\"><\/ins>\r\n<script>\r\n     (adsbygoogle = window.adsbygoogle || []).push({});\r\n<\/script>\n<\/div>\n<h2>Os principais blocos de carnaval em SP<\/h2>\n<p>O Carnaval de S\u00e3o Paulo \u00e9 famoso por sua diversidade e anima\u00e7\u00e3o. Entre os destaques desse per\u00edodo festivo, diversos blocos se sobressaem pela sua originalidade e dedica\u00e7\u00e3o em proporcionar alegria aos foli\u00f5es. Entre os mais populares est\u00e3o:<\/p>\n<ul>\n<li><strong>Bloco da Pabllo:<\/strong> Um evento vibrante que atrai milhares de f\u00e3s, onde a energia da cantora \u00e9 contagiante, trazendo um mix de pop e samba.<\/li>\n<li><strong>Charanga do Fran\u00e7a:<\/strong> Conhecido por sua vasta gama de repert\u00f3rio que vai do samba tradicional \u00e0 m\u00fasica popular brasileira.<\/li>\n<li><strong>Vou de T\u00e1xi:<\/strong> Com um conceito divertido e inusitado, une a paix\u00e3o pelo carnaval \u00e0 magia das viagens de t\u00e1xi.<\/li>\n<li><strong>Filhos de Gil:<\/strong> Uma homenagem \u00e0 fam\u00edlia Gil e \u00e0 cultura baiana, celebrando com muito ritmo e alegria.<\/li>\n<li><strong>Lua Vai:<\/strong> Um bloco que encanta com suas letras rom\u00e2nticas e sambas cl\u00e1ssicos, atraindo quem quer cantar e dan\u00e7ar.<\/li>\n<\/ul>\n<h2>Dicas para curtir a folia com seguran\u00e7a<\/h2>\n<p>Fazer parte da folia durante o carnaval exige algumas precau\u00e7\u00f5es para garantir a seguran\u00e7a de todos. Veja algumas dicas:<\/p>\n<ul>\n<li><strong>Hidrate-se:<\/strong> Beba bastante \u00e1gua para evitar desidrata\u00e7\u00e3o, especialmente se estiver dan\u00e7ando por longos per\u00edodos.<\/li>\n<li><strong>Planeje seu trajeto:<\/strong> Use transporte p\u00fablico ou aplicativos de mobilidade para evitar problemas com tr\u00e2nsito e estacionamento.<\/li>\n<li><strong>Prefira roupas leves:<\/strong> Escolha vestimentas b\u00e1sicas, confort\u00e1veis e adequadas para o calor do carnaval.<\/li>\n<li><strong>Evite excessos:<\/strong> Consuma bebidas alco\u00f3licas de forma moderada para manter o controle e a seguran\u00e7a.<\/li>\n<li><strong>Guarde seus pertences:<\/strong> Use pochetes ou bolsas pequenas que voc\u00ea possa carregar com seguran\u00e7a e que n\u00e3o te atrapalhem ao dan\u00e7ar.<\/li>\n<\/ul>\n<h2>A diversidade musical dos blocos<\/h2>\n<p>A proposta musical dos blocos de S\u00e3o Paulo \u00e9 ampla e variada, refletindo a rica diversidade cultural da cidade e do pa\u00eds. Os foli\u00f5es poder\u00e3o desfrutar de:<\/p>\n<p><img decoding=\"async\" src=\"https:\/\/www.encontracarrao.com.br\/sobre\/wp-content\/uploads\/2026\/03\/pabllo-vittar-charanga-do-franca-vou-de-taxi-lua-vai-veja-blocos-que-saem-as-ruas-de-sp-nesta-segund.webp\" alt=\"Carnaval em S\u00e3o Paulo\" loading=\"lazy\" \/><\/p>\n<ul>\n<li><strong>MPB:<\/strong> Muitos blocos apresentam repert\u00f3rios com as recentes e cl\u00e1ssicas can\u00e7\u00f5es da M\u00fasica Popular Brasileira, proporcionando uma conex\u00e3o cultural.<\/li>\n<li><strong>Samba:<\/strong> Tradicionalmente forte durante o carnaval, o samba \u00e9 a alma dos desfiles, com blocos que focam exclusivamente no g\u00eanero.<\/li>\n<li><strong>Pop e eletr\u00f4nico:<\/strong> A mistura de ritmos modernos atrai um p\u00fablico jovem e descolado, que busca novas experi\u00eancias.<\/li>\n<li><strong>Funk:<\/strong> Esse ritmo explosivo \u00e9 bastante apreciado em muitos blocos, especialmente entre as gera\u00e7\u00f5es mais novas.<\/li>\n<\/ul>\n<h2>Como chegar aos locais dos cortejos<\/h2>\n<p>Com a cidade cheia de foli\u00f5es, o planejamento \u00e9 fundamental para chegar aos locais dos blocos. Aqui v\u00e3o algumas sugest\u00f5es:<\/p>\n<ul>\n<li><strong>Transporte P\u00fablico:<\/strong> O metr\u00f4 e os \u00f4nibus s\u00e3o boas op\u00e7\u00f5es. Fique atento aos hor\u00e1rios de funcionamento e as linhas que est\u00e3o em opera\u00e7\u00e3o durante o carnaval.<\/li>\n<li><strong>Carros de aplicativo:<\/strong> Usar aplicativos de carona \u00e9 uma alternativa pr\u00e1tica, mas esteja preparado para esperar um tempo maior devido ao tr\u00e2nsito.<\/li>\n<li><strong>Pedestrianismo:<\/strong> Muitas vezes, a melhor maneira de chegar ao destino \u00e9 a p\u00e9. Assim voc\u00ea evita a confus\u00e3o do tr\u00e1fego e pode aproveitar a festa nos deslocamentos.<\/li>\n<\/ul>\n<h2>O impacto dos blocos na cidade<\/h2>\n<p>Os blocos de carnaval em S\u00e3o Paulo t\u00eam um grande impacto social e econ\u00f4mico. Eles atraem milh\u00f5es de visitantes, promovendo:<\/p>\n<ul>\n<li><strong>Turismo:<\/strong> Atraem turistas de diversas partes do Brasil e do mundo, aquecendo o com\u00e9rcio local durante o feriado.<\/li>\n<li><strong>Cultura:<\/strong> Incentivam a valoriza\u00e7\u00e3o das tradi\u00e7\u00f5es culturais, com uma nova roupagem que resgata as ra\u00edzes e ao mesmo tempo inova.<\/li>\n<li><strong>Intera\u00e7\u00e3o social:<\/strong> Promovem a uni\u00e3o entre pessoas de diferentes idades, classes sociais e culturas, atrav\u00e9s da folia e da m\u00fasica.<\/li>\n<\/ul>\n<h2>Tradicionalismo e inova\u00e7\u00e3o: os blocos de carnaval<\/h2>\n<p>Os blocos de carnaval se destacam por mesclar tradi\u00e7\u00f5es com propostas inovadoras:<\/p>\n<ul>\n<li><strong>Resgate de cl\u00e1ssicos:<\/strong> Muitos blocos trazem de volta composi\u00e7\u00f5es tradicionais, revitalizando o que h\u00e1 de melhor na cultura brasileira.<\/li>\n<li><strong>Atratividade de novas sonoridades:<\/strong> Muitos artistas est\u00e3o explorando novos g\u00eaneros e sons, criando uma discuss\u00e3o sobre inova\u00e7\u00e3o na m\u00fasica.<\/li>\n<li><strong>Adapta\u00e7\u00e3o de temas:<\/strong> Os blocos muitas vezes adotam temas contempor\u00e2neos que dialogam com quest\u00f5es sociais e culturais atuais.<\/li>\n<\/ul>\n<h2>As melhores vestimentas para a folia<\/h2>\n<p>Vestir-se adequadamente \u00e9 essencial para quem quer aproveitar ao m\u00e1ximo o carnaval. As principais dicas incluem:<\/p>\n<ul>\n<li><strong>Cores vibrantes:<\/strong> Use roupas coloridas que simbolizem alegria e energia.<\/li>\n<li><strong>Acess\u00f3rios criativos:<\/strong> Leve adere\u00e7os divertidos que chamem a aten\u00e7\u00e3o, como chap\u00e9us, m\u00e1scaras e glitter.<\/li>\n<li><strong>Conforto:<\/strong> Escolha pe\u00e7as que possibilitem movimento, pois voc\u00ea ir\u00e1 dan\u00e7ar e pular.<\/li>\n<li><strong>Use protetor solar:<\/strong> Mesmo vestindo um abad\u00e1 ou camiseta, n\u00e3o esque\u00e7a de proteger a pele do sol.<\/li>\n<\/ul>\n<h2>A programa\u00e7\u00e3o completa dos blocos<\/h2>\n<p>A cidade conta com uma vasta programa\u00e7\u00e3o que inclui centenas de blocos, cada um com seu hor\u00e1rio e local:<\/p>\n<ul>\n<li><strong>Blocos pela manh\u00e3:<\/strong> Usualmente come\u00e7am a sair entre 8h e 10h.<\/li>\n<li><strong>Blocos \u00e0 tarde:<\/strong> Boa parte dos blocos t\u00eam suas concentra\u00e7\u00f5es no in\u00edcio da tarde, de 12h \u00e0s 15h.<\/li>\n<li><strong>Blocos noturnos:<\/strong> Algumas festas se estendem \u00e0 noite, com \u00f3timas op\u00e7\u00f5es de m\u00fasica ao vivo.<\/li>\n<li><strong>Cronograma online:<\/strong> Consulte o site da prefeitura ou portais espec\u00edficos de carnaval para uma lista atualizada da programa\u00e7\u00e3o.<\/li>\n<\/ul>\n<h2>Hist\u00f3rias por tr\u00e1s dos blocos mais famosos<\/h2>\n<p>Cada bloco tem sua pr\u00f3pria hist\u00f3ria e identidade, que cativam o p\u00fablico:<\/p>\n<ul>\n<li><strong>Bloco da Pabllo:<\/strong> Surgiu com a proposta de democratizar o carnaval, convidando todos a se divertirem juntos.<\/li>\n<li><strong>Filhos de Gil:<\/strong> Criado em homenagem ao m\u00fasico Gilberto Gil e sua contribui\u00e7\u00e3o \u00e0 cultura brasileira.<\/li>\n<li><strong>Voc\u00ea Vai de T\u00e1xi:<\/strong> Inspirado pelo cotidiano da cidade, com uma proposta leve e descontra\u00edda.<\/li>\n<\/ul>\n<h2>A import\u00e2ncia do carnaval para a cultura paulista<\/h2>\n<p>O carnaval assume um papel fundamental na cultura paulista, n\u00e3o apenas como um evento festivo, mas como:<\/p>\n<ul>\n<li><strong>Fomento \u00e0 economia:<\/strong> Gera emprego e movimenta o setor de turismo e servi\u00e7os.<\/li>\n<li><strong>Valoriza\u00e7\u00e3o do patrim\u00f4nio cultural:<\/strong> Ajuda a promover o orgulho das tradi\u00e7\u00f5es locais e regionais.<\/li>\n<li><strong>Integra\u00e7\u00e3o social:<\/strong> Cria la\u00e7os entre os cidad\u00e3os, fortalecendo a identidade comunit\u00e1ria e cultural.<\/li>\n<\/ul>\n\n<div style=\"font-size: 0px; height: 0px; line-height: 0px; margin: 0; padding: 0; clear: both;\"><\/div>","protected":false},"excerpt":{"rendered":"<p>Carnaval em SP: descubra os 52 blocos que v\u00e3o animar as ruas da cidade nesta segunda.<\/p>\n","protected":false},"author":1,"featured_media":1454,"comment_status":"open","ping_status":"closed","sticky":false,"template":"","format":"standard","meta":{"footnotes":""},"categories":[6],"tags":[],"class_list":["post-1455","post","type-post","status-publish","format-standard","has-post-thumbnail","hentry","category-noticias-no-carrao","has_thumb"],"aioseo_notices":[],"aioseo_head":"\n\t\t<!-- All in One SEO 5.0.0.1 - aioseo.com -->\n\t<meta name=\"description\" content=\"Carnaval em SP: descubra os 52 blocos que v\u00e3o animar as ruas da cidade nesta segunda.\" \/>\n\t<meta name=\"robots\" content=\"max-image-preview:large\" \/>\n\t<meta name=\"author\" content=\"Encontra Carr\u00e3o\"\/>\n\t<link rel=\"canonical\" href=\"https:\/\/www.encontracarrao.com.br\/sobre\/pabllo-vittar-charanga-do-franca-vou-de-taxi-lua-vai-veja-blocos-que-saem-as-ruas-de-sp-nesta-segunda-de-carnaval\/\" \/>\n\t<meta name=\"generator\" content=\"All in One SEO (AIOSEO) 5.0.0.1\" \/>\n\t\t<meta property=\"og:locale\" content=\"pt_BR\" \/>\n\t\t<meta property=\"og:site_name\" content=\"Encontra Carr\u00e3o | Not\u00edcias, eventos, informa\u00e7\u00f5es e dicas no bairro do Carr\u00e3o e regi\u00e3o\" \/>\n\t\t<meta property=\"og:type\" content=\"article\" \/>\n\t\t<meta property=\"og:title\" content=\"Pabllo Vittar, Charanga do Fran\u00e7a, Vou de T\u00e1xi, Lua Vai: veja blocos que saem \u00e0s ruas de SP nesta segunda de carnaval | Encontra Carr\u00e3o\" \/>\n\t\t<meta property=\"og:description\" content=\"Carnaval em SP: descubra os 52 blocos que v\u00e3o animar as ruas da cidade nesta segunda.\" \/>\n\t\t<meta property=\"og:url\" content=\"https:\/\/www.encontracarrao.com.br\/sobre\/pabllo-vittar-charanga-do-franca-vou-de-taxi-lua-vai-veja-blocos-que-saem-as-ruas-de-sp-nesta-segunda-de-carnaval\/\" \/>\n\t\t<meta property=\"article:published_time\" content=\"2026-03-10T13:32:12+00:00\" \/>\n\t\t<meta property=\"article:modified_time\" content=\"2026-03-10T13:32:12+00:00\" \/>\n\t\t<meta name=\"twitter:card\" content=\"summary_large_image\" \/>\n\t\t<meta name=\"twitter:title\" content=\"Pabllo Vittar, Charanga do Fran\u00e7a, Vou de T\u00e1xi, Lua Vai: veja blocos que saem \u00e0s ruas de SP nesta segunda de carnaval | Encontra Carr\u00e3o\" \/>\n\t\t<meta name=\"twitter:description\" content=\"Carnaval em SP: descubra os 52 blocos que v\u00e3o animar as ruas da cidade nesta segunda.\" \/>\n\t\t<script type=\"application\/ld+json\" class=\"aioseo-schema\">\n\t\t\t{\"@context\":\"https:\\\/\\\/schema.org\",\"@graph\":[{\"@type\":\"Article\",\"@id\":\"https:\\\/\\\/www.encontracarrao.com.br\\\/sobre\\\/pabllo-vittar-charanga-do-franca-vou-de-taxi-lua-vai-veja-blocos-que-saem-as-ruas-de-sp-nesta-segunda-de-carnaval\\\/#article\",\"name\":\"Pabllo Vittar, Charanga do Fran\\u00e7a, Vou de T\\u00e1xi, Lua Vai: veja blocos que saem \\u00e0s ruas de SP nesta segunda de carnaval | Encontra Carr\\u00e3o\",\"headline\":\"Pabllo Vittar, Charanga do Fran\\u00e7a, Vou de T\\u00e1xi, Lua Vai: veja blocos que saem \\u00e0s ruas de SP nesta segunda de carnaval\",\"author\":{\"@id\":\"https:\\\/\\\/www.encontracarrao.com.br\\\/sobre\\\/author\\\/ecarrao\\\/#author\"},\"publisher\":{\"@id\":\"https:\\\/\\\/www.encontracarrao.com.br\\\/sobre\\\/#organization\"},\"image\":{\"@type\":\"ImageObject\",\"url\":\"https:\\\/\\\/www.encontracarrao.com.br\\\/sobre\\\/wp-content\\\/uploads\\\/2026\\\/03\\\/pabllo-vittar-charanga-do-franca-vou-de-taxi-lua-vai-veja-blocos-que-saem-as-ruas-de-sp-nesta-segund.webp\",\"width\":280,\"height\":280,\"caption\":\"Carnaval em S\\u00e3o Paulo\"},\"datePublished\":\"2026-03-10T11:32:12-02:00\",\"dateModified\":\"2026-03-10T11:32:12-02:00\",\"inLanguage\":\"pt-BR\",\"mainEntityOfPage\":{\"@id\":\"https:\\\/\\\/www.encontracarrao.com.br\\\/sobre\\\/pabllo-vittar-charanga-do-franca-vou-de-taxi-lua-vai-veja-blocos-que-saem-as-ruas-de-sp-nesta-segunda-de-carnaval\\\/#webpage\"},\"isPartOf\":{\"@id\":\"https:\\\/\\\/www.encontracarrao.com.br\\\/sobre\\\/pabllo-vittar-charanga-do-franca-vou-de-taxi-lua-vai-veja-blocos-que-saem-as-ruas-de-sp-nesta-segunda-de-carnaval\\\/#webpage\"},\"articleSection\":\"Not\\u00edcias Carr\\u00e3o\"},{\"@type\":\"BreadcrumbList\",\"@id\":\"https:\\\/\\\/www.encontracarrao.com.br\\\/sobre\\\/pabllo-vittar-charanga-do-franca-vou-de-taxi-lua-vai-veja-blocos-que-saem-as-ruas-de-sp-nesta-segunda-de-carnaval\\\/#breadcrumblist\",\"itemListElement\":[{\"@type\":\"ListItem\",\"@id\":\"https:\\\/\\\/www.encontracarrao.com.br\\\/sobre#listItem\",\"position\":1,\"name\":\"In\\u00edcio\",\"item\":\"https:\\\/\\\/www.encontracarrao.com.br\\\/sobre\",\"nextItem\":{\"@type\":\"ListItem\",\"@id\":\"https:\\\/\\\/www.encontracarrao.com.br\\\/sobre\\\/noticias-no-carrao\\\/#listItem\",\"name\":\"Not\\u00edcias Carr\\u00e3o\"}},{\"@type\":\"ListItem\",\"@id\":\"https:\\\/\\\/www.encontracarrao.com.br\\\/sobre\\\/noticias-no-carrao\\\/#listItem\",\"position\":2,\"name\":\"Not\\u00edcias Carr\\u00e3o\",\"item\":\"https:\\\/\\\/www.encontracarrao.com.br\\\/sobre\\\/noticias-no-carrao\\\/\",\"nextItem\":{\"@type\":\"ListItem\",\"@id\":\"https:\\\/\\\/www.encontracarrao.com.br\\\/sobre\\\/pabllo-vittar-charanga-do-franca-vou-de-taxi-lua-vai-veja-blocos-que-saem-as-ruas-de-sp-nesta-segunda-de-carnaval\\\/#listItem\",\"name\":\"Pabllo Vittar, Charanga do Fran\\u00e7a, Vou de T\\u00e1xi, Lua Vai: veja blocos que saem \\u00e0s ruas de SP nesta segunda de carnaval\"},\"previousItem\":{\"@type\":\"ListItem\",\"@id\":\"https:\\\/\\\/www.encontracarrao.com.br\\\/sobre#listItem\",\"name\":\"In\\u00edcio\"}},{\"@type\":\"ListItem\",\"@id\":\"https:\\\/\\\/www.encontracarrao.com.br\\\/sobre\\\/pabllo-vittar-charanga-do-franca-vou-de-taxi-lua-vai-veja-blocos-que-saem-as-ruas-de-sp-nesta-segunda-de-carnaval\\\/#listItem\",\"position\":3,\"name\":\"Pabllo Vittar, Charanga do Fran\\u00e7a, Vou de T\\u00e1xi, Lua Vai: veja blocos que saem \\u00e0s ruas de SP nesta segunda de carnaval\",\"previousItem\":{\"@type\":\"ListItem\",\"@id\":\"https:\\\/\\\/www.encontracarrao.com.br\\\/sobre\\\/noticias-no-carrao\\\/#listItem\",\"name\":\"Not\\u00edcias Carr\\u00e3o\"}}]},{\"@type\":\"Organization\",\"@id\":\"https:\\\/\\\/www.encontracarrao.com.br\\\/sobre\\\/#organization\",\"name\":\"Encontra Carr\\u00e3o\",\"description\":\"Not\\u00edcias, eventos, informa\\u00e7\\u00f5es e dicas no bairro do Carr\\u00e3o e regi\\u00e3o\",\"url\":\"https:\\\/\\\/www.encontracarrao.com.br\\\/sobre\\\/\"},{\"@type\":\"Person\",\"@id\":\"https:\\\/\\\/www.encontracarrao.com.br\\\/sobre\\\/author\\\/ecarrao\\\/#author\",\"url\":\"https:\\\/\\\/www.encontracarrao.com.br\\\/sobre\\\/author\\\/ecarrao\\\/\",\"name\":\"Encontra Carr\\u00e3o\",\"image\":{\"@type\":\"ImageObject\",\"@id\":\"https:\\\/\\\/www.encontracarrao.com.br\\\/sobre\\\/pabllo-vittar-charanga-do-franca-vou-de-taxi-lua-vai-veja-blocos-que-saem-as-ruas-de-sp-nesta-segunda-de-carnaval\\\/#authorImage\",\"url\":\"https:\\\/\\\/secure.gravatar.com\\\/avatar\\\/507340682b8270222e1f208e23198b6ae7e2c6a1033ae84e99bc6bce4f82a387?s=96&d=mm&r=g\",\"width\":96,\"height\":96,\"caption\":\"Encontra Carr\\u00e3o\"}},{\"@type\":\"WebPage\",\"@id\":\"https:\\\/\\\/www.encontracarrao.com.br\\\/sobre\\\/pabllo-vittar-charanga-do-franca-vou-de-taxi-lua-vai-veja-blocos-que-saem-as-ruas-de-sp-nesta-segunda-de-carnaval\\\/#webpage\",\"url\":\"https:\\\/\\\/www.encontracarrao.com.br\\\/sobre\\\/pabllo-vittar-charanga-do-franca-vou-de-taxi-lua-vai-veja-blocos-que-saem-as-ruas-de-sp-nesta-segunda-de-carnaval\\\/\",\"name\":\"Pabllo Vittar, Charanga do Fran\\u00e7a, Vou de T\\u00e1xi, Lua Vai: veja blocos que saem \\u00e0s ruas de SP nesta segunda de carnaval | Encontra Carr\\u00e3o\",\"description\":\"Carnaval em SP: descubra os 52 blocos que v\\u00e3o animar as ruas da cidade nesta segunda.\",\"inLanguage\":\"pt-BR\",\"isPartOf\":{\"@id\":\"https:\\\/\\\/www.encontracarrao.com.br\\\/sobre\\\/#website\"},\"breadcrumb\":{\"@id\":\"https:\\\/\\\/www.encontracarrao.com.br\\\/sobre\\\/pabllo-vittar-charanga-do-franca-vou-de-taxi-lua-vai-veja-blocos-que-saem-as-ruas-de-sp-nesta-segunda-de-carnaval\\\/#breadcrumblist\"},\"author\":{\"@id\":\"https:\\\/\\\/www.encontracarrao.com.br\\\/sobre\\\/author\\\/ecarrao\\\/#author\"},\"creator\":{\"@id\":\"https:\\\/\\\/www.encontracarrao.com.br\\\/sobre\\\/author\\\/ecarrao\\\/#author\"},\"image\":{\"@type\":\"ImageObject\",\"url\":\"https:\\\/\\\/www.encontracarrao.com.br\\\/sobre\\\/wp-content\\\/uploads\\\/2026\\\/03\\\/pabllo-vittar-charanga-do-franca-vou-de-taxi-lua-vai-veja-blocos-que-saem-as-ruas-de-sp-nesta-segund.webp\",\"@id\":\"https:\\\/\\\/www.encontracarrao.com.br\\\/sobre\\\/pabllo-vittar-charanga-do-franca-vou-de-taxi-lua-vai-veja-blocos-que-saem-as-ruas-de-sp-nesta-segunda-de-carnaval\\\/#mainImage\",\"width\":280,\"height\":280,\"caption\":\"Carnaval em S\\u00e3o Paulo\"},\"primaryImageOfPage\":{\"@id\":\"https:\\\/\\\/www.encontracarrao.com.br\\\/sobre\\\/pabllo-vittar-charanga-do-franca-vou-de-taxi-lua-vai-veja-blocos-que-saem-as-ruas-de-sp-nesta-segunda-de-carnaval\\\/#mainImage\"},\"datePublished\":\"2026-03-10T11:32:12-02:00\",\"dateModified\":\"2026-03-10T11:32:12-02:00\"},{\"@type\":\"WebSite\",\"@id\":\"https:\\\/\\\/www.encontracarrao.com.br\\\/sobre\\\/#website\",\"url\":\"https:\\\/\\\/www.encontracarrao.com.br\\\/sobre\\\/\",\"name\":\"Encontra Carr\\u00e3o\",\"description\":\"Not\\u00edcias, eventos, informa\\u00e7\\u00f5es e dicas no bairro do Carr\\u00e3o e regi\\u00e3o\",\"inLanguage\":\"pt-BR\",\"publisher\":{\"@id\":\"https:\\\/\\\/www.encontracarrao.com.br\\\/sobre\\\/#organization\"}}]}\n\t\t<\/script>\n\t\t<!-- All in One SEO -->\n\n","aioseo_head_json":{"title":"Pabllo Vittar, Charanga do Fran\u00e7a, Vou de T\u00e1xi, Lua Vai: veja blocos que saem \u00e0s ruas de SP nesta segunda de carnaval | Encontra Carr\u00e3o","description":"Carnaval em SP: descubra os 52 blocos que v\u00e3o animar as ruas da cidade nesta segunda.","canonical_url":"https:\/\/www.encontracarrao.com.br\/sobre\/pabllo-vittar-charanga-do-franca-vou-de-taxi-lua-vai-veja-blocos-que-saem-as-ruas-de-sp-nesta-segunda-de-carnaval\/","robots":"max-image-preview:large","keywords":"","webmasterTools":{"miscellaneous":""},"schema":{"@context":"https:\/\/schema.org","@graph":[{"@type":"Article","@id":"https:\/\/www.encontracarrao.com.br\/sobre\/pabllo-vittar-charanga-do-franca-vou-de-taxi-lua-vai-veja-blocos-que-saem-as-ruas-de-sp-nesta-segunda-de-carnaval\/#article","name":"Pabllo Vittar, Charanga do Fran\u00e7a, Vou de T\u00e1xi, Lua Vai: veja blocos que saem \u00e0s ruas de SP nesta segunda de carnaval | Encontra Carr\u00e3o","headline":"Pabllo Vittar, Charanga do Fran\u00e7a, Vou de T\u00e1xi, Lua Vai: veja blocos que saem \u00e0s ruas de SP nesta segunda de carnaval","author":{"@id":"https:\/\/www.encontracarrao.com.br\/sobre\/author\/ecarrao\/#author"},"publisher":{"@id":"https:\/\/www.encontracarrao.com.br\/sobre\/#organization"},"image":{"@type":"ImageObject","url":"https:\/\/www.encontracarrao.com.br\/sobre\/wp-content\/uploads\/2026\/03\/pabllo-vittar-charanga-do-franca-vou-de-taxi-lua-vai-veja-blocos-que-saem-as-ruas-de-sp-nesta-segund.webp","width":280,"height":280,"caption":"Carnaval em S\u00e3o Paulo"},"datePublished":"2026-03-10T11:32:12-02:00","dateModified":"2026-03-10T11:32:12-02:00","inLanguage":"pt-BR","mainEntityOfPage":{"@id":"https:\/\/www.encontracarrao.com.br\/sobre\/pabllo-vittar-charanga-do-franca-vou-de-taxi-lua-vai-veja-blocos-que-saem-as-ruas-de-sp-nesta-segunda-de-carnaval\/#webpage"},"isPartOf":{"@id":"https:\/\/www.encontracarrao.com.br\/sobre\/pabllo-vittar-charanga-do-franca-vou-de-taxi-lua-vai-veja-blocos-que-saem-as-ruas-de-sp-nesta-segunda-de-carnaval\/#webpage"},"articleSection":"Not\u00edcias Carr\u00e3o"},{"@type":"BreadcrumbList","@id":"https:\/\/www.encontracarrao.com.br\/sobre\/pabllo-vittar-charanga-do-franca-vou-de-taxi-lua-vai-veja-blocos-que-saem-as-ruas-de-sp-nesta-segunda-de-carnaval\/#breadcrumblist","itemListElement":[{"@type":"ListItem","@id":"https:\/\/www.encontracarrao.com.br\/sobre#listItem","position":1,"name":"In\u00edcio","item":"https:\/\/www.encontracarrao.com.br\/sobre","nextItem":{"@type":"ListItem","@id":"https:\/\/www.encontracarrao.com.br\/sobre\/noticias-no-carrao\/#listItem","name":"Not\u00edcias Carr\u00e3o"}},{"@type":"ListItem","@id":"https:\/\/www.encontracarrao.com.br\/sobre\/noticias-no-carrao\/#listItem","position":2,"name":"Not\u00edcias Carr\u00e3o","item":"https:\/\/www.encontracarrao.com.br\/sobre\/noticias-no-carrao\/","nextItem":{"@type":"ListItem","@id":"https:\/\/www.encontracarrao.com.br\/sobre\/pabllo-vittar-charanga-do-franca-vou-de-taxi-lua-vai-veja-blocos-que-saem-as-ruas-de-sp-nesta-segunda-de-carnaval\/#listItem","name":"Pabllo Vittar, Charanga do Fran\u00e7a, Vou de T\u00e1xi, Lua Vai: veja blocos que saem \u00e0s ruas de SP nesta segunda de carnaval"},"previousItem":{"@type":"ListItem","@id":"https:\/\/www.encontracarrao.com.br\/sobre#listItem","name":"In\u00edcio"}},{"@type":"ListItem","@id":"https:\/\/www.encontracarrao.com.br\/sobre\/pabllo-vittar-charanga-do-franca-vou-de-taxi-lua-vai-veja-blocos-que-saem-as-ruas-de-sp-nesta-segunda-de-carnaval\/#listItem","position":3,"name":"Pabllo Vittar, Charanga do Fran\u00e7a, Vou de T\u00e1xi, Lua Vai: veja blocos que saem \u00e0s ruas de SP nesta segunda de carnaval","previousItem":{"@type":"ListItem","@id":"https:\/\/www.encontracarrao.com.br\/sobre\/noticias-no-carrao\/#listItem","name":"Not\u00edcias Carr\u00e3o"}}]},{"@type":"Organization","@id":"https:\/\/www.encontracarrao.com.br\/sobre\/#organization","name":"Encontra Carr\u00e3o","description":"Not\u00edcias, eventos, informa\u00e7\u00f5es e dicas no bairro do Carr\u00e3o e regi\u00e3o","url":"https:\/\/www.encontracarrao.com.br\/sobre\/"},{"@type":"Person","@id":"https:\/\/www.encontracarrao.com.br\/sobre\/author\/ecarrao\/#author","url":"https:\/\/www.encontracarrao.com.br\/sobre\/author\/ecarrao\/","name":"Encontra Carr\u00e3o","image":{"@type":"ImageObject","@id":"https:\/\/www.encontracarrao.com.br\/sobre\/pabllo-vittar-charanga-do-franca-vou-de-taxi-lua-vai-veja-blocos-que-saem-as-ruas-de-sp-nesta-segunda-de-carnaval\/#authorImage","url":"https:\/\/secure.gravatar.com\/avatar\/507340682b8270222e1f208e23198b6ae7e2c6a1033ae84e99bc6bce4f82a387?s=96&d=mm&r=g","width":96,"height":96,"caption":"Encontra Carr\u00e3o"}},{"@type":"WebPage","@id":"https:\/\/www.encontracarrao.com.br\/sobre\/pabllo-vittar-charanga-do-franca-vou-de-taxi-lua-vai-veja-blocos-que-saem-as-ruas-de-sp-nesta-segunda-de-carnaval\/#webpage","url":"https:\/\/www.encontracarrao.com.br\/sobre\/pabllo-vittar-charanga-do-franca-vou-de-taxi-lua-vai-veja-blocos-que-saem-as-ruas-de-sp-nesta-segunda-de-carnaval\/","name":"Pabllo Vittar, Charanga do Fran\u00e7a, Vou de T\u00e1xi, Lua Vai: veja blocos que saem \u00e0s ruas de SP nesta segunda de carnaval | Encontra Carr\u00e3o","description":"Carnaval em SP: descubra os 52 blocos que v\u00e3o animar as ruas da cidade nesta segunda.","inLanguage":"pt-BR","isPartOf":{"@id":"https:\/\/www.encontracarrao.com.br\/sobre\/#website"},"breadcrumb":{"@id":"https:\/\/www.encontracarrao.com.br\/sobre\/pabllo-vittar-charanga-do-franca-vou-de-taxi-lua-vai-veja-blocos-que-saem-as-ruas-de-sp-nesta-segunda-de-carnaval\/#breadcrumblist"},"author":{"@id":"https:\/\/www.encontracarrao.com.br\/sobre\/author\/ecarrao\/#author"},"creator":{"@id":"https:\/\/www.encontracarrao.com.br\/sobre\/author\/ecarrao\/#author"},"image":{"@type":"ImageObject","url":"https:\/\/www.encontracarrao.com.br\/sobre\/wp-content\/uploads\/2026\/03\/pabllo-vittar-charanga-do-franca-vou-de-taxi-lua-vai-veja-blocos-que-saem-as-ruas-de-sp-nesta-segund.webp","@id":"https:\/\/www.encontracarrao.com.br\/sobre\/pabllo-vittar-charanga-do-franca-vou-de-taxi-lua-vai-veja-blocos-que-saem-as-ruas-de-sp-nesta-segunda-de-carnaval\/#mainImage","width":280,"height":280,"caption":"Carnaval em S\u00e3o Paulo"},"primaryImageOfPage":{"@id":"https:\/\/www.encontracarrao.com.br\/sobre\/pabllo-vittar-charanga-do-franca-vou-de-taxi-lua-vai-veja-blocos-que-saem-as-ruas-de-sp-nesta-segunda-de-carnaval\/#mainImage"},"datePublished":"2026-03-10T11:32:12-02:00","dateModified":"2026-03-10T11:32:12-02:00"},{"@type":"WebSite","@id":"https:\/\/www.encontracarrao.com.br\/sobre\/#website","url":"https:\/\/www.encontracarrao.com.br\/sobre\/","name":"Encontra Carr\u00e3o","description":"Not\u00edcias, eventos, informa\u00e7\u00f5es e dicas no bairro do Carr\u00e3o e regi\u00e3o","inLanguage":"pt-BR","publisher":{"@id":"https:\/\/www.encontracarrao.com.br\/sobre\/#organization"}}]},"og:locale":"pt_BR","og:site_name":"Encontra Carr\u00e3o | Not\u00edcias, eventos, informa\u00e7\u00f5es e dicas no bairro do Carr\u00e3o e regi\u00e3o","og:type":"article","og:title":"Pabllo Vittar, Charanga do Fran\u00e7a, Vou de T\u00e1xi, Lua Vai: veja blocos que saem \u00e0s ruas de SP nesta segunda de carnaval | Encontra Carr\u00e3o","og:description":"Carnaval em SP: descubra os 52 blocos que v\u00e3o animar as ruas da cidade nesta segunda.","og:url":"https:\/\/www.encontracarrao.com.br\/sobre\/pabllo-vittar-charanga-do-franca-vou-de-taxi-lua-vai-veja-blocos-que-saem-as-ruas-de-sp-nesta-segunda-de-carnaval\/","article:published_time":"2026-03-10T13:32:12+00:00","article:modified_time":"2026-03-10T13:32:12+00:00","twitter:card":"summary_large_image","twitter:title":"Pabllo Vittar, Charanga do Fran\u00e7a, Vou de T\u00e1xi, Lua Vai: veja blocos que saem \u00e0s ruas de SP nesta segunda de carnaval | Encontra Carr\u00e3o","twitter:description":"Carnaval em SP: descubra os 52 blocos que v\u00e3o animar as ruas da cidade nesta segunda."},"aioseo_meta_data":{"post_id":"1455","title":null,"description":null,"keywords":null,"keyphrases":null,"primary_term":null,"canonical_url":null,"og_title":null,"og_description":null,"og_object_type":"default","og_image_type":"default","og_image_url":null,"og_image_width":null,"og_image_height":null,"og_image_custom_url":null,"og_image_custom_fields":null,"og_video":null,"og_custom_url":null,"og_article_section":null,"og_article_tags":null,"twitter_use_og":false,"twitter_card":"default","twitter_image_type":"default","twitter_image_url":null,"twitter_image_custom_url":null,"twitter_image_custom_fields":null,"twitter_title":null,"twitter_description":null,"schema":{"blockGraphs":[],"customGraphs":[],"default":{"data":{"Article":[],"Course":[],"Dataset":[],"FAQPage":[],"Movie":[],"Person":[],"Product":[],"ProductReview":[],"Car":[],"Recipe":[],"Service":[],"SoftwareApplication":[],"WebPage":[]},"graphName":"Article","isEnabled":true},"graphs":[]},"schema_type":"default","schema_type_options":null,"pillar_content":false,"robots_default":true,"robots_noindex":false,"robots_noarchive":false,"robots_nosnippet":false,"robots_nofollow":false,"robots_noimageindex":false,"robots_noodp":false,"robots_notranslate":false,"robots_max_snippet":null,"robots_max_videopreview":null,"robots_max_imagepreview":"large","priority":null,"frequency":null,"local_seo":null,"limit_modified_date":false,"created":"2026-03-10 13:32:17","updated":"2026-08-06 02:23:18","focus_keyword":null,"additional_keywords":null,"truseo_locale":null,"ai":null,"breadcrumb_settings":null,"seo_analyzer_scan_date":null},"aioseo_breadcrumb":"<div class=\"aioseo-breadcrumbs\"><span class=\"aioseo-breadcrumb\">\n\t\t\t<a href=\"https:\/\/www.encontracarrao.com.br\/sobre\" title=\"In\u00edcio\">In\u00edcio<\/a>\n\t\t<\/span><span class=\"aioseo-breadcrumb-separator\">&raquo;<\/span><span class=\"aioseo-breadcrumb\">\n\t\t\t<a href=\"https:\/\/www.encontracarrao.com.br\/sobre\/noticias-no-carrao\/\" title=\"Not\u00edcias Carr\u00e3o\">Not\u00edcias Carr\u00e3o<\/a>\n\t\t<\/span><span class=\"aioseo-breadcrumb-separator\">&raquo;<\/span><span class=\"aioseo-breadcrumb\">\n\t\t\tPabllo Vittar, Charanga do Fran\u00e7a, Vou de T\u00e1xi, Lua Vai: veja blocos que saem \u00e0s ruas de SP nesta segunda de carnaval\n\t\t<\/span><\/div>","aioseo_breadcrumb_json":[{"label":"In\u00edcio","link":"https:\/\/www.encontracarrao.com.br\/sobre"},{"label":"Not\u00edcias Carr\u00e3o","link":"https:\/\/www.encontracarrao.com.br\/sobre\/noticias-no-carrao\/"},{"label":"Pabllo Vittar, Charanga do Fran\u00e7a, Vou de T\u00e1xi, Lua Vai: veja blocos que saem \u00e0s ruas de SP nesta segunda de carnaval","link":"https:\/\/www.encontracarrao.com.br\/sobre\/pabllo-vittar-charanga-do-franca-vou-de-taxi-lua-vai-veja-blocos-que-saem-as-ruas-de-sp-nesta-segunda-de-carnaval\/"}],"_links":{"self":[{"href":"https:\/\/www.encontracarrao.com.br\/sobre\/wp-json\/wp\/v2\/posts\/1455","targetHints":{"allow":["GET"]}}],"collection":[{"href":"https:\/\/www.encontracarrao.com.br\/sobre\/wp-json\/wp\/v2\/posts"}],"about":[{"href":"https:\/\/www.encontracarrao.com.br\/sobre\/wp-json\/wp\/v2\/types\/post"}],"author":[{"embeddable":true,"href":"https:\/\/www.encontracarrao.com.br\/sobre\/wp-json\/wp\/v2\/users\/1"}],"replies":[{"embeddable":true,"href":"https:\/\/www.encontracarrao.com.br\/sobre\/wp-json\/wp\/v2\/comments?post=1455"}],"version-history":[{"count":0,"href":"https:\/\/www.encontracarrao.com.br\/sobre\/wp-json\/wp\/v2\/posts\/1455\/revisions"}],"wp:featuredmedia":[{"embeddable":true,"href":"https:\/\/www.encontracarrao.com.br\/sobre\/wp-json\/wp\/v2\/media\/1454"}],"wp:attachment":[{"href":"https:\/\/www.encontracarrao.com.br\/sobre\/wp-json\/wp\/v2\/media?parent=1455"}],"wp:term":[{"taxonomy":"category","embeddable":true,"href":"https:\/\/www.encontracarrao.com.br\/sobre\/wp-json\/wp\/v2\/categories?post=1455"},{"taxonomy":"post_tag","embeddable":true,"href":"https:\/\/www.encontracarrao.com.br\/sobre\/wp-json\/wp\/v2\/tags?post=1455"}],"curies":[{"name":"wp","href":"https:\/\/api.w.org\/{rel}","templated":true}]}}