{"id":1485,"date":"2026-03-27T11:42:48","date_gmt":"2026-03-27T13:42:48","guid":{"rendered":"https:\/\/www.encontracarrao.com.br\/sobre\/ocorrencia-afeta-a-linha-3\/"},"modified":"2026-03-27T11:42:48","modified_gmt":"2026-03-27T13:42:48","slug":"ocorrencia-afeta-a-linha-3","status":"publish","type":"post","link":"https:\/\/www.encontracarrao.com.br\/sobre\/ocorrencia-afeta-a-linha-3\/","title":{"rendered":"Ocorr\u00eancia afeta a Linha 3"},"content":{"rendered":"<div class=\"461e69fcc6d6b0f7eb69b9e5bee8c239\" data-index=\"1\" style=\"float: none; margin:0px;\">\n<!-- Anuncio display - global -->\r\n<ins class=\"adsbygoogle\"\r\n     style=\"display:block\"\r\n     data-ad-client=\"ca-pub-8585364105181520\"\r\n     data-ad-slot=\"8789329856\"\r\n     data-ad-format=\"auto\"\r\n     data-full-width-responsive=\"true\"><\/ins>\r\n<script>\r\n     (adsbygoogle = window.adsbygoogle || []).push({});\r\n<\/script>\n<\/div>\n<h2>Causa da Falha na Linha 3-Vermelha<\/h2>\n<p>Na manh\u00e3 do dia 27 de mar\u00e7o de 2026, os usu\u00e1rios da Linha 3-Vermelha do Metr\u00f4 de S\u00e3o Paulo experimentaram uma s\u00e9rie de dificuldades operacionais. A situa\u00e7\u00e3o foi originada por uma falha t\u00e9cnica em um dos trens na esta\u00e7\u00e3o Carr\u00e3o, que \u00e9 conveniada ao Assa\u00ed Atacadista. Essa falha resultou na necessidade de reduzir a velocidade dos trens ao longo de toda a linha, gerando paradas mais longas e interferindo significativamente na rotina dos passageiros.<\/p>\n<p>Cerca de 10 minutos ap\u00f3s a primeira ocorr\u00eancia, uma nova situa\u00e7\u00e3o foi notificada na esta\u00e7\u00e3o Marechal Deodoro, agravando ainda mais o problema de circula\u00e7\u00e3o. Tais falhas s\u00e3o frequentemente atribu\u00eddas a manuten\u00e7\u00e3o deficiente ou a problemas t\u00e9cnicos no sistema dos trens. Assim, a interven\u00e7\u00e3o r\u00e1pida de equipes operacionais \u00e9 essencial para minimizar o impacto.<\/p>\n<h2>Impacto nos Passageiros durante o Hor\u00e1rio de Pico<\/h2>\n<p>O hor\u00e1rio de pico \u00e9 um dos per\u00edodos mais cr\u00edticos para os transporte p\u00fablicos. Neste caso, a redu\u00e7\u00e3o da velocidade e a frequ\u00eancia menor dos trens provocaram um ac\u00famulo de passageiros nas plataformas. A situa\u00e7\u00e3o \u00e9 ainda mais estressante em hor\u00e1rios de alta demanda, onde as pessoas est\u00e3o se deslocando para o trabalho ou compromissos importantes. Esse cen\u00e1rio de lentid\u00e3o n\u00e3o apenas causa desconforto, mas tamb\u00e9m pode gerar atrasos significativos na rotina di\u00e1ria dos usu\u00e1rios.<\/p>\n<p><img decoding=\"async\" src=\"https:\/\/www.encontracarrao.com.br\/sobre\/wp-content\/uploads\/2026\/03\/ocorrencia-afeta-a-linha-3.webp\" alt=\"Linha 3-Vermelha do Metr\u00f4\" loading=\"lazy\" \/><\/p>\n<p>As condi\u00e7\u00f5es nas plataformas se tornaram desafiadoras, com muitos passageiros expressando sua insatisfa\u00e7\u00e3o e preocupa\u00e7\u00e3o com a situa\u00e7\u00e3o. A aus\u00eancia de informa\u00e7\u00f5es claras sobre o tempo estimado de resolu\u00e7\u00e3o das falhas muitas vezes agrava a frustra\u00e7\u00e3o dos usu\u00e1rios, que se v\u00eaem obrigados a esperar por longos per\u00edodos.<\/p>\n<h2>Medidas Adotadas pelo Metr\u00f4 para Resolver a Situa\u00e7\u00e3o<\/h2>\n<p>Em resposta \u00e0s ocorr\u00eancias, a equipe operacional do Metr\u00f4 de S\u00e3o Paulo mobilizou rapidamente profissionais para solucionar as falhas. As a\u00e7\u00f5es imediatas incluem:<\/p>\n<ul>\n<li><strong>Mobiliza\u00e7\u00e3o de equipe t\u00e9cnica:<\/strong> T\u00e9cnicos dedicados trabalham para diagnosticar e consertar a composi\u00e7\u00e3o que apresentou falha.<\/li>\n<li><strong>Monitoramento da situa\u00e7\u00e3o:<\/strong> Acompanhamento constante da condi\u00e7\u00e3o da linha e do estado dos trens em opera\u00e7\u00e3o.<\/li>\n<li><strong>Informa\u00e7\u00e3o aos usu\u00e1rios:<\/strong> Esfor\u00e7os s\u00e3o feitos para comunicar atualiza\u00e7\u00f5es atrav\u00e9s dos pain\u00e9is de informa\u00e7\u00f5es nas esta\u00e7\u00f5es e nas redes sociais.<\/li>\n<\/ul>\n<p>Essas medidas t\u00eam como objetivo restabelecer a normalidade no funcionamento da linha o quanto antes, assegurando um transporte p\u00fablico eficiente para todos os passageiros.<\/p>\n<h2>Monitoramento da Ocorr\u00eancia e Comunica\u00e7\u00e3o aos Usu\u00e1rios<\/h2>\n<p>O monitoramento da situa\u00e7\u00e3o pelas autoridades do Metr\u00f4 \u00e9 crucial para garantir que os passageiros permane\u00e7am informados durante a ocorr\u00eancia. Eles utilizam fontes diversas de comunica\u00e7\u00e3o, incluindo:<\/p>\n<ul>\n<li><strong>Pain\u00e9is eletr\u00f4nicos:<\/strong> Informa\u00e7\u00f5es em tempo real acerca da situa\u00e7\u00e3o dos trens e per\u00edodos de espera.<\/li>\n<li><strong>Redes sociais:<\/strong> Atualiza\u00e7\u00f5es atrav\u00e9s das contas oficiais do Metr\u00f4 no Twitter e Facebook.<\/li>\n<li><strong>Aplicativos de mobilidade:<\/strong> Notifica\u00e7\u00f5es enviadas via aplicativos que tratam do transporte p\u00fablico.<\/li>\n<\/ul>\n<p>Ser transparente durante situa\u00e7\u00f5es de crise \u00e9 fundamental para a confian\u00e7a do usu\u00e1rio no servi\u00e7o p\u00fablico. Uma comunica\u00e7\u00e3o adequada ajuda a minimizar a frustra\u00e7\u00e3o e a ansiedade dos passageiros, fornecendo as informa\u00e7\u00f5es necess\u00e1rias para que possam se planejar melhor.<\/p>\n<h2>Reflexos na Circula\u00e7\u00e3o das Zonas Leste e Oeste<\/h2>\n<p>A Linha 3-Vermelha, que interliga as zonas Leste e Oeste da capital paulista, \u00e9 uma das principais art\u00e9rias do transporte p\u00fablico. A paralisa\u00e7\u00e3o e a lentid\u00e3o afetam o fluxo de passageiros n\u00e3o apenas nas esta\u00e7\u00f5es diretamente envolvidas, mas tamb\u00e9m nas adjacentes. Devido a essas falhas, muitos passageiros buscaram alternativas, como \u00f4nibus e transportes por aplicativo, o que aumentou o movimento desses ve\u00edculos nas \u00e1reas pr\u00f3ximas \u00e0s esta\u00e7\u00f5es.<\/p>\n<p>Al\u00e9m disso, a interrup\u00e7\u00e3o na Linha 3-Vermelha gerou impactos em outras linhas que interagem em diferentes esta\u00e7\u00f5es, contribuindo para um efeito domin\u00f3 de atrasos e congestionamentos em toda a rede do Metr\u00f4. Essa interconex\u00e3o demonstra a import\u00e2ncia de uma opera\u00e7\u00e3o eficiente da linha e a necessidade de solu\u00e7\u00f5es r\u00e1pidas para evitar transtornos maiores.<\/p>\n<h2>Previs\u00e3o de Normaliza\u00e7\u00e3o da Linha 3-Vermelha<\/h2>\n<p>Atualmente, ainda n\u00e3o h\u00e1 uma data ou hor\u00e1rio preciso para a completa normaliza\u00e7\u00e3o da opera\u00e7\u00e3o da Linha 3-Vermelha. As equipes trabalham incessantemente para resolver as falhas identificadas, e os passageiros s\u00e3o constantemente atualizados sobre o progresso. A situa\u00e7\u00e3o \u00e9 delicada e demanda precis\u00e3o nas interven\u00e7\u00f5es, visto que o objetivo \u00e9 n\u00e3o apenas consertar o problema imediato, mas tamb\u00e9m prever e evitar falhas futuras.<\/p>\n<p>Enquanto isso, o Metr\u00f4 solicita a compreens\u00e3o dos usu\u00e1rios e recomenda:<\/p>\n<ul>\n<li><strong>Evitar hor\u00e1rios de pico:<\/strong> Sempre que poss\u00edvel, programar deslocamentos fora dos hor\u00e1rios de maior tr\u00e2nsito.<\/li>\n<li><strong>Utilizar aplicativos:<\/strong> Fazer uso de ferramentas que auxiliem no planejamento de rotas e informem sobre a situa\u00e7\u00e3o do transporte.<\/li>\n<li><strong>Ter paci\u00eancia:<\/strong> Entender que a equipe est\u00e1 se empenhando para minimizar os transtornos.<\/li>\n<\/ul>\n<h2>Hist\u00f3rico de Falhas na Linha 3 do Metr\u00f4<\/h2>\n<p>A Linha 3-Vermelha do Metr\u00f4 de S\u00e3o Paulo possui um hist\u00f3rico de interrup\u00e7\u00f5es e falhas operacionais. Esses incidentes podem ser atribu\u00eddos a diversos fatores, incluindo desgaste de equipamentos, problemas el\u00e9tricos e a necessidade de inspe\u00e7\u00f5es de rotina. <\/p>\n<p>Ao longo dos anos, a administra\u00e7\u00e3o do Metr\u00f4 implementou v\u00e1rias melhorias, como a renova\u00e7\u00e3o da frota e moderniza\u00e7\u00e3o dos sistemas de controle. Embora essas a\u00e7\u00f5es contribuam para a redu\u00e7\u00e3o de problemas operacionais, h\u00e1 per\u00edodos em que falhas ainda ocorrem, afetando os usu\u00e1rios que dependem do transporte. A resposta r\u00e1pida \u00e0s falhas \u00e9 crucial para garantir a confian\u00e7a do p\u00fablico no servi\u00e7o.<\/p>\n<h2>Dicas para Passageiros em Casos de Atraso<\/h2>\n<p>Em situa\u00e7\u00f5es de atraso, os passageiros podem tomar algumas medidas para minimizar os inconvenientes:<\/p>\n<ul>\n<li><strong>Fique tranquilo:<\/strong> Manter a calma pode ajudar a lidar melhor com a situa\u00e7\u00e3o.<\/li>\n<li><strong>Converse com outros passageiros:<\/strong> Establecer di\u00e1logos pode ajudar a compartilhar informa\u00e7\u00f5es e desabafar sobre a situa\u00e7\u00e3o.<\/li>\n<li><strong>Busque alternativas:<\/strong> Considere linhas de \u00f4nibus ou transporte particular enquanto aguarda a normaliza\u00e7\u00e3o. <\/li>\n<\/ul>\n<h2>Orienta\u00e7\u00f5es da Empresa para os Usu\u00e1rios<\/h2>\n<p>A empresa respons\u00e1vel pela opera\u00e7\u00e3o do Metr\u00f4 frequentemente disponibiliza orienta\u00e7\u00f5es para que os usu\u00e1rios possam lidar com imprevistos. Isso inclui:<\/p>\n<ul>\n<li><strong>Atualiza\u00e7\u00f5es constantes:<\/strong> Sempre se manter informado atrav\u00e9s de canais oficiais de comunica\u00e7\u00e3o.<\/li>\n<li><strong>Respeito \u00e0s diretrizes:<\/strong> Seguir instru\u00e7\u00f5es de seguran\u00e7a e orienta\u00e7\u00f5es dadas nas esta\u00e7\u00f5es pode ajudar a evitar acidentes.<\/li>\n<li><strong>Feedback sobre servi\u00e7os:<\/strong> Compartilhar opini\u00f5es sobre as falhas e os servi\u00e7os prestados pode contribuir para melhorias futuras.<\/li>\n<\/ul>\n<h2>Pr\u00f3ximos Passos para Melhorar a Infraestrutura do Metr\u00f4<\/h2>\n<p>Compreendendo os desafios enfrentados pela Linha 3-Vermelha, s\u00e3o necess\u00e1rios passos futuros para melhorar a infraestrutura do Metr\u00f4. Entre as poss\u00edveis medidas, incluem-se:<\/p>\n<ul>\n<li><strong>Investimento em tecnologia:<\/strong> Moderniza\u00e7\u00e3o da frota com sistemas mais avan\u00e7ados para controlar e monitorar os trens eficientemente.<\/li>\n<li><strong>Manuten\u00e7\u00e3o preventiva:<\/strong> Implementar um cronograma rigoroso de manuten\u00e7\u00e3o para evitar falhas futuras.<\/li>\n<li><strong>Capacita\u00e7\u00e3o de profissionais:<\/strong> Oferecer treinamentos peri\u00f3dicos para a equipe operacional afim de lidar com situa\u00e7\u00f5es de emerg\u00eancia com mais efici\u00eancia.<\/li>\n<\/ul>\n<p>Essas a\u00e7\u00f5es visam n\u00e3o apenas resolver problemas imediatos, mas tamb\u00e9m assegurar que o Metr\u00f4 de S\u00e3o Paulo se torne um sistema de transporte mais seguro e confi\u00e1vel para os seus usu\u00e1rios ao longo do tempo.<\/p>\n\n<div style=\"font-size: 0px; height: 0px; line-height: 0px; margin: 0; padding: 0; clear: both;\"><\/div>","protected":false},"excerpt":{"rendered":"<p>Linha 3-Vermelha do Metr\u00f4 enfrenta falha e prejudica passageiros nesta sexta-feira.<\/p>\n","protected":false},"author":1,"featured_media":1484,"comment_status":"open","ping_status":"closed","sticky":false,"template":"","format":"standard","meta":{"footnotes":""},"categories":[6],"tags":[],"class_list":["post-1485","post","type-post","status-publish","format-standard","has-post-thumbnail","hentry","category-noticias-no-carrao","has_thumb"],"aioseo_notices":[],"aioseo_head":"\n\t\t<!-- All in One SEO 5.0.0.1 - aioseo.com -->\n\t<meta name=\"description\" content=\"Linha 3-Vermelha do Metr\u00f4 enfrenta falha e prejudica passageiros nesta sexta-feira.\" \/>\n\t<meta name=\"robots\" content=\"max-image-preview:large\" \/>\n\t<meta name=\"author\" content=\"Encontra Carr\u00e3o\"\/>\n\t<link rel=\"canonical\" href=\"https:\/\/www.encontracarrao.com.br\/sobre\/ocorrencia-afeta-a-linha-3\/\" \/>\n\t<meta name=\"generator\" content=\"All in One SEO (AIOSEO) 5.0.0.1\" \/>\n\t\t<meta property=\"og:locale\" content=\"pt_BR\" \/>\n\t\t<meta property=\"og:site_name\" content=\"Encontra Carr\u00e3o | Not\u00edcias, eventos, informa\u00e7\u00f5es e dicas no bairro do Carr\u00e3o e regi\u00e3o\" \/>\n\t\t<meta property=\"og:type\" content=\"article\" \/>\n\t\t<meta property=\"og:title\" content=\"Ocorr\u00eancia afeta a Linha 3 | Encontra Carr\u00e3o\" \/>\n\t\t<meta property=\"og:description\" content=\"Linha 3-Vermelha do Metr\u00f4 enfrenta falha e prejudica passageiros nesta sexta-feira.\" \/>\n\t\t<meta property=\"og:url\" content=\"https:\/\/www.encontracarrao.com.br\/sobre\/ocorrencia-afeta-a-linha-3\/\" \/>\n\t\t<meta property=\"article:published_time\" content=\"2026-03-27T13:42:48+00:00\" \/>\n\t\t<meta property=\"article:modified_time\" content=\"2026-03-27T13:42:48+00:00\" \/>\n\t\t<meta name=\"twitter:card\" content=\"summary_large_image\" \/>\n\t\t<meta name=\"twitter:title\" content=\"Ocorr\u00eancia afeta a Linha 3 | Encontra Carr\u00e3o\" \/>\n\t\t<meta name=\"twitter:description\" content=\"Linha 3-Vermelha do Metr\u00f4 enfrenta falha e prejudica passageiros nesta sexta-feira.\" \/>\n\t\t<script type=\"application\/ld+json\" class=\"aioseo-schema\">\n\t\t\t{\"@context\":\"https:\\\/\\\/schema.org\",\"@graph\":[{\"@type\":\"Article\",\"@id\":\"https:\\\/\\\/www.encontracarrao.com.br\\\/sobre\\\/ocorrencia-afeta-a-linha-3\\\/#article\",\"name\":\"Ocorr\\u00eancia afeta a Linha 3 | Encontra Carr\\u00e3o\",\"headline\":\"Ocorr\\u00eancia afeta a Linha 3\",\"author\":{\"@id\":\"https:\\\/\\\/www.encontracarrao.com.br\\\/sobre\\\/author\\\/ecarrao\\\/#author\"},\"publisher\":{\"@id\":\"https:\\\/\\\/www.encontracarrao.com.br\\\/sobre\\\/#organization\"},\"image\":{\"@type\":\"ImageObject\",\"url\":\"https:\\\/\\\/www.encontracarrao.com.br\\\/sobre\\\/wp-content\\\/uploads\\\/2026\\\/03\\\/ocorrencia-afeta-a-linha-3.webp\",\"width\":280,\"height\":280,\"caption\":\"Linha 3-Vermelha do Metr\\u00f4\"},\"datePublished\":\"2026-03-27T11:42:48-02:00\",\"dateModified\":\"2026-03-27T11:42:48-02:00\",\"inLanguage\":\"pt-BR\",\"mainEntityOfPage\":{\"@id\":\"https:\\\/\\\/www.encontracarrao.com.br\\\/sobre\\\/ocorrencia-afeta-a-linha-3\\\/#webpage\"},\"isPartOf\":{\"@id\":\"https:\\\/\\\/www.encontracarrao.com.br\\\/sobre\\\/ocorrencia-afeta-a-linha-3\\\/#webpage\"},\"articleSection\":\"Not\\u00edcias Carr\\u00e3o\"},{\"@type\":\"BreadcrumbList\",\"@id\":\"https:\\\/\\\/www.encontracarrao.com.br\\\/sobre\\\/ocorrencia-afeta-a-linha-3\\\/#breadcrumblist\",\"itemListElement\":[{\"@type\":\"ListItem\",\"@id\":\"https:\\\/\\\/www.encontracarrao.com.br\\\/sobre#listItem\",\"position\":1,\"name\":\"In\\u00edcio\",\"item\":\"https:\\\/\\\/www.encontracarrao.com.br\\\/sobre\",\"nextItem\":{\"@type\":\"ListItem\",\"@id\":\"https:\\\/\\\/www.encontracarrao.com.br\\\/sobre\\\/noticias-no-carrao\\\/#listItem\",\"name\":\"Not\\u00edcias Carr\\u00e3o\"}},{\"@type\":\"ListItem\",\"@id\":\"https:\\\/\\\/www.encontracarrao.com.br\\\/sobre\\\/noticias-no-carrao\\\/#listItem\",\"position\":2,\"name\":\"Not\\u00edcias Carr\\u00e3o\",\"item\":\"https:\\\/\\\/www.encontracarrao.com.br\\\/sobre\\\/noticias-no-carrao\\\/\",\"nextItem\":{\"@type\":\"ListItem\",\"@id\":\"https:\\\/\\\/www.encontracarrao.com.br\\\/sobre\\\/ocorrencia-afeta-a-linha-3\\\/#listItem\",\"name\":\"Ocorr\\u00eancia afeta a Linha 3\"},\"previousItem\":{\"@type\":\"ListItem\",\"@id\":\"https:\\\/\\\/www.encontracarrao.com.br\\\/sobre#listItem\",\"name\":\"In\\u00edcio\"}},{\"@type\":\"ListItem\",\"@id\":\"https:\\\/\\\/www.encontracarrao.com.br\\\/sobre\\\/ocorrencia-afeta-a-linha-3\\\/#listItem\",\"position\":3,\"name\":\"Ocorr\\u00eancia afeta a Linha 3\",\"previousItem\":{\"@type\":\"ListItem\",\"@id\":\"https:\\\/\\\/www.encontracarrao.com.br\\\/sobre\\\/noticias-no-carrao\\\/#listItem\",\"name\":\"Not\\u00edcias Carr\\u00e3o\"}}]},{\"@type\":\"Organization\",\"@id\":\"https:\\\/\\\/www.encontracarrao.com.br\\\/sobre\\\/#organization\",\"name\":\"Encontra Carr\\u00e3o\",\"description\":\"Not\\u00edcias, eventos, informa\\u00e7\\u00f5es e dicas no bairro do Carr\\u00e3o e regi\\u00e3o\",\"url\":\"https:\\\/\\\/www.encontracarrao.com.br\\\/sobre\\\/\"},{\"@type\":\"Person\",\"@id\":\"https:\\\/\\\/www.encontracarrao.com.br\\\/sobre\\\/author\\\/ecarrao\\\/#author\",\"url\":\"https:\\\/\\\/www.encontracarrao.com.br\\\/sobre\\\/author\\\/ecarrao\\\/\",\"name\":\"Encontra Carr\\u00e3o\",\"image\":{\"@type\":\"ImageObject\",\"@id\":\"https:\\\/\\\/www.encontracarrao.com.br\\\/sobre\\\/ocorrencia-afeta-a-linha-3\\\/#authorImage\",\"url\":\"https:\\\/\\\/secure.gravatar.com\\\/avatar\\\/507340682b8270222e1f208e23198b6ae7e2c6a1033ae84e99bc6bce4f82a387?s=96&d=mm&r=g\",\"width\":96,\"height\":96,\"caption\":\"Encontra Carr\\u00e3o\"}},{\"@type\":\"WebPage\",\"@id\":\"https:\\\/\\\/www.encontracarrao.com.br\\\/sobre\\\/ocorrencia-afeta-a-linha-3\\\/#webpage\",\"url\":\"https:\\\/\\\/www.encontracarrao.com.br\\\/sobre\\\/ocorrencia-afeta-a-linha-3\\\/\",\"name\":\"Ocorr\\u00eancia afeta a Linha 3 | Encontra Carr\\u00e3o\",\"description\":\"Linha 3-Vermelha do Metr\\u00f4 enfrenta falha e prejudica passageiros nesta sexta-feira.\",\"inLanguage\":\"pt-BR\",\"isPartOf\":{\"@id\":\"https:\\\/\\\/www.encontracarrao.com.br\\\/sobre\\\/#website\"},\"breadcrumb\":{\"@id\":\"https:\\\/\\\/www.encontracarrao.com.br\\\/sobre\\\/ocorrencia-afeta-a-linha-3\\\/#breadcrumblist\"},\"author\":{\"@id\":\"https:\\\/\\\/www.encontracarrao.com.br\\\/sobre\\\/author\\\/ecarrao\\\/#author\"},\"creator\":{\"@id\":\"https:\\\/\\\/www.encontracarrao.com.br\\\/sobre\\\/author\\\/ecarrao\\\/#author\"},\"image\":{\"@type\":\"ImageObject\",\"url\":\"https:\\\/\\\/www.encontracarrao.com.br\\\/sobre\\\/wp-content\\\/uploads\\\/2026\\\/03\\\/ocorrencia-afeta-a-linha-3.webp\",\"@id\":\"https:\\\/\\\/www.encontracarrao.com.br\\\/sobre\\\/ocorrencia-afeta-a-linha-3\\\/#mainImage\",\"width\":280,\"height\":280,\"caption\":\"Linha 3-Vermelha do Metr\\u00f4\"},\"primaryImageOfPage\":{\"@id\":\"https:\\\/\\\/www.encontracarrao.com.br\\\/sobre\\\/ocorrencia-afeta-a-linha-3\\\/#mainImage\"},\"datePublished\":\"2026-03-27T11:42:48-02:00\",\"dateModified\":\"2026-03-27T11:42:48-02:00\"},{\"@type\":\"WebSite\",\"@id\":\"https:\\\/\\\/www.encontracarrao.com.br\\\/sobre\\\/#website\",\"url\":\"https:\\\/\\\/www.encontracarrao.com.br\\\/sobre\\\/\",\"name\":\"Encontra Carr\\u00e3o\",\"description\":\"Not\\u00edcias, eventos, informa\\u00e7\\u00f5es e dicas no bairro do Carr\\u00e3o e regi\\u00e3o\",\"inLanguage\":\"pt-BR\",\"publisher\":{\"@id\":\"https:\\\/\\\/www.encontracarrao.com.br\\\/sobre\\\/#organization\"}}]}\n\t\t<\/script>\n\t\t<!-- All in One SEO -->\n\n","aioseo_head_json":{"title":"Ocorr\u00eancia afeta a Linha 3 | Encontra Carr\u00e3o","description":"Linha 3-Vermelha do Metr\u00f4 enfrenta falha e prejudica passageiros nesta sexta-feira.","canonical_url":"https:\/\/www.encontracarrao.com.br\/sobre\/ocorrencia-afeta-a-linha-3\/","robots":"max-image-preview:large","keywords":"","webmasterTools":{"miscellaneous":""},"schema":{"@context":"https:\/\/schema.org","@graph":[{"@type":"Article","@id":"https:\/\/www.encontracarrao.com.br\/sobre\/ocorrencia-afeta-a-linha-3\/#article","name":"Ocorr\u00eancia afeta a Linha 3 | Encontra Carr\u00e3o","headline":"Ocorr\u00eancia afeta a Linha 3","author":{"@id":"https:\/\/www.encontracarrao.com.br\/sobre\/author\/ecarrao\/#author"},"publisher":{"@id":"https:\/\/www.encontracarrao.com.br\/sobre\/#organization"},"image":{"@type":"ImageObject","url":"https:\/\/www.encontracarrao.com.br\/sobre\/wp-content\/uploads\/2026\/03\/ocorrencia-afeta-a-linha-3.webp","width":280,"height":280,"caption":"Linha 3-Vermelha do Metr\u00f4"},"datePublished":"2026-03-27T11:42:48-02:00","dateModified":"2026-03-27T11:42:48-02:00","inLanguage":"pt-BR","mainEntityOfPage":{"@id":"https:\/\/www.encontracarrao.com.br\/sobre\/ocorrencia-afeta-a-linha-3\/#webpage"},"isPartOf":{"@id":"https:\/\/www.encontracarrao.com.br\/sobre\/ocorrencia-afeta-a-linha-3\/#webpage"},"articleSection":"Not\u00edcias Carr\u00e3o"},{"@type":"BreadcrumbList","@id":"https:\/\/www.encontracarrao.com.br\/sobre\/ocorrencia-afeta-a-linha-3\/#breadcrumblist","itemListElement":[{"@type":"ListItem","@id":"https:\/\/www.encontracarrao.com.br\/sobre#listItem","position":1,"name":"In\u00edcio","item":"https:\/\/www.encontracarrao.com.br\/sobre","nextItem":{"@type":"ListItem","@id":"https:\/\/www.encontracarrao.com.br\/sobre\/noticias-no-carrao\/#listItem","name":"Not\u00edcias Carr\u00e3o"}},{"@type":"ListItem","@id":"https:\/\/www.encontracarrao.com.br\/sobre\/noticias-no-carrao\/#listItem","position":2,"name":"Not\u00edcias Carr\u00e3o","item":"https:\/\/www.encontracarrao.com.br\/sobre\/noticias-no-carrao\/","nextItem":{"@type":"ListItem","@id":"https:\/\/www.encontracarrao.com.br\/sobre\/ocorrencia-afeta-a-linha-3\/#listItem","name":"Ocorr\u00eancia afeta a Linha 3"},"previousItem":{"@type":"ListItem","@id":"https:\/\/www.encontracarrao.com.br\/sobre#listItem","name":"In\u00edcio"}},{"@type":"ListItem","@id":"https:\/\/www.encontracarrao.com.br\/sobre\/ocorrencia-afeta-a-linha-3\/#listItem","position":3,"name":"Ocorr\u00eancia afeta a Linha 3","previousItem":{"@type":"ListItem","@id":"https:\/\/www.encontracarrao.com.br\/sobre\/noticias-no-carrao\/#listItem","name":"Not\u00edcias Carr\u00e3o"}}]},{"@type":"Organization","@id":"https:\/\/www.encontracarrao.com.br\/sobre\/#organization","name":"Encontra Carr\u00e3o","description":"Not\u00edcias, eventos, informa\u00e7\u00f5es e dicas no bairro do Carr\u00e3o e regi\u00e3o","url":"https:\/\/www.encontracarrao.com.br\/sobre\/"},{"@type":"Person","@id":"https:\/\/www.encontracarrao.com.br\/sobre\/author\/ecarrao\/#author","url":"https:\/\/www.encontracarrao.com.br\/sobre\/author\/ecarrao\/","name":"Encontra Carr\u00e3o","image":{"@type":"ImageObject","@id":"https:\/\/www.encontracarrao.com.br\/sobre\/ocorrencia-afeta-a-linha-3\/#authorImage","url":"https:\/\/secure.gravatar.com\/avatar\/507340682b8270222e1f208e23198b6ae7e2c6a1033ae84e99bc6bce4f82a387?s=96&d=mm&r=g","width":96,"height":96,"caption":"Encontra Carr\u00e3o"}},{"@type":"WebPage","@id":"https:\/\/www.encontracarrao.com.br\/sobre\/ocorrencia-afeta-a-linha-3\/#webpage","url":"https:\/\/www.encontracarrao.com.br\/sobre\/ocorrencia-afeta-a-linha-3\/","name":"Ocorr\u00eancia afeta a Linha 3 | Encontra Carr\u00e3o","description":"Linha 3-Vermelha do Metr\u00f4 enfrenta falha e prejudica passageiros nesta sexta-feira.","inLanguage":"pt-BR","isPartOf":{"@id":"https:\/\/www.encontracarrao.com.br\/sobre\/#website"},"breadcrumb":{"@id":"https:\/\/www.encontracarrao.com.br\/sobre\/ocorrencia-afeta-a-linha-3\/#breadcrumblist"},"author":{"@id":"https:\/\/www.encontracarrao.com.br\/sobre\/author\/ecarrao\/#author"},"creator":{"@id":"https:\/\/www.encontracarrao.com.br\/sobre\/author\/ecarrao\/#author"},"image":{"@type":"ImageObject","url":"https:\/\/www.encontracarrao.com.br\/sobre\/wp-content\/uploads\/2026\/03\/ocorrencia-afeta-a-linha-3.webp","@id":"https:\/\/www.encontracarrao.com.br\/sobre\/ocorrencia-afeta-a-linha-3\/#mainImage","width":280,"height":280,"caption":"Linha 3-Vermelha do Metr\u00f4"},"primaryImageOfPage":{"@id":"https:\/\/www.encontracarrao.com.br\/sobre\/ocorrencia-afeta-a-linha-3\/#mainImage"},"datePublished":"2026-03-27T11:42:48-02:00","dateModified":"2026-03-27T11:42:48-02:00"},{"@type":"WebSite","@id":"https:\/\/www.encontracarrao.com.br\/sobre\/#website","url":"https:\/\/www.encontracarrao.com.br\/sobre\/","name":"Encontra Carr\u00e3o","description":"Not\u00edcias, eventos, informa\u00e7\u00f5es e dicas no bairro do Carr\u00e3o e regi\u00e3o","inLanguage":"pt-BR","publisher":{"@id":"https:\/\/www.encontracarrao.com.br\/sobre\/#organization"}}]},"og:locale":"pt_BR","og:site_name":"Encontra Carr\u00e3o | Not\u00edcias, eventos, informa\u00e7\u00f5es e dicas no bairro do Carr\u00e3o e regi\u00e3o","og:type":"article","og:title":"Ocorr\u00eancia afeta a Linha 3 | Encontra Carr\u00e3o","og:description":"Linha 3-Vermelha do Metr\u00f4 enfrenta falha e prejudica passageiros nesta sexta-feira.","og:url":"https:\/\/www.encontracarrao.com.br\/sobre\/ocorrencia-afeta-a-linha-3\/","article:published_time":"2026-03-27T13:42:48+00:00","article:modified_time":"2026-03-27T13:42:48+00:00","twitter:card":"summary_large_image","twitter:title":"Ocorr\u00eancia afeta a Linha 3 | Encontra Carr\u00e3o","twitter:description":"Linha 3-Vermelha do Metr\u00f4 enfrenta falha e prejudica passageiros nesta sexta-feira."},"aioseo_meta_data":{"post_id":"1485","title":null,"description":null,"keywords":null,"keyphrases":null,"primary_term":null,"canonical_url":null,"og_title":null,"og_description":null,"og_object_type":"default","og_image_type":"default","og_image_url":null,"og_image_width":null,"og_image_height":null,"og_image_custom_url":null,"og_image_custom_fields":null,"og_video":null,"og_custom_url":null,"og_article_section":null,"og_article_tags":null,"twitter_use_og":false,"twitter_card":"default","twitter_image_type":"default","twitter_image_url":null,"twitter_image_custom_url":null,"twitter_image_custom_fields":null,"twitter_title":null,"twitter_description":null,"schema":{"blockGraphs":[],"customGraphs":[],"default":{"data":{"Article":[],"Course":[],"Dataset":[],"FAQPage":[],"Movie":[],"Person":[],"Product":[],"ProductReview":[],"Car":[],"Recipe":[],"Service":[],"SoftwareApplication":[],"WebPage":[]},"graphName":"Article","isEnabled":true},"graphs":[]},"schema_type":"default","schema_type_options":null,"pillar_content":false,"robots_default":true,"robots_noindex":false,"robots_noarchive":false,"robots_nosnippet":false,"robots_nofollow":false,"robots_noimageindex":false,"robots_noodp":false,"robots_notranslate":false,"robots_max_snippet":null,"robots_max_videopreview":null,"robots_max_imagepreview":"large","priority":null,"frequency":null,"local_seo":null,"limit_modified_date":false,"created":"2026-03-27 13:42:53","updated":"2026-08-06 02:42:18","focus_keyword":null,"additional_keywords":null,"truseo_locale":null,"ai":null,"breadcrumb_settings":null,"seo_analyzer_scan_date":null},"aioseo_breadcrumb":"<div class=\"aioseo-breadcrumbs\"><span class=\"aioseo-breadcrumb\">\n\t\t\t<a href=\"https:\/\/www.encontracarrao.com.br\/sobre\" title=\"In\u00edcio\">In\u00edcio<\/a>\n\t\t<\/span><span class=\"aioseo-breadcrumb-separator\">&raquo;<\/span><span class=\"aioseo-breadcrumb\">\n\t\t\t<a href=\"https:\/\/www.encontracarrao.com.br\/sobre\/noticias-no-carrao\/\" title=\"Not\u00edcias Carr\u00e3o\">Not\u00edcias Carr\u00e3o<\/a>\n\t\t<\/span><span class=\"aioseo-breadcrumb-separator\">&raquo;<\/span><span class=\"aioseo-breadcrumb\">\n\t\t\tOcorr\u00eancia afeta a Linha 3\n\t\t<\/span><\/div>","aioseo_breadcrumb_json":[{"label":"In\u00edcio","link":"https:\/\/www.encontracarrao.com.br\/sobre"},{"label":"Not\u00edcias Carr\u00e3o","link":"https:\/\/www.encontracarrao.com.br\/sobre\/noticias-no-carrao\/"},{"label":"Ocorr\u00eancia afeta a Linha 3","link":"https:\/\/www.encontracarrao.com.br\/sobre\/ocorrencia-afeta-a-linha-3\/"}],"_links":{"self":[{"href":"https:\/\/www.encontracarrao.com.br\/sobre\/wp-json\/wp\/v2\/posts\/1485","targetHints":{"allow":["GET"]}}],"collection":[{"href":"https:\/\/www.encontracarrao.com.br\/sobre\/wp-json\/wp\/v2\/posts"}],"about":[{"href":"https:\/\/www.encontracarrao.com.br\/sobre\/wp-json\/wp\/v2\/types\/post"}],"author":[{"embeddable":true,"href":"https:\/\/www.encontracarrao.com.br\/sobre\/wp-json\/wp\/v2\/users\/1"}],"replies":[{"embeddable":true,"href":"https:\/\/www.encontracarrao.com.br\/sobre\/wp-json\/wp\/v2\/comments?post=1485"}],"version-history":[{"count":0,"href":"https:\/\/www.encontracarrao.com.br\/sobre\/wp-json\/wp\/v2\/posts\/1485\/revisions"}],"wp:featuredmedia":[{"embeddable":true,"href":"https:\/\/www.encontracarrao.com.br\/sobre\/wp-json\/wp\/v2\/media\/1484"}],"wp:attachment":[{"href":"https:\/\/www.encontracarrao.com.br\/sobre\/wp-json\/wp\/v2\/media?parent=1485"}],"wp:term":[{"taxonomy":"category","embeddable":true,"href":"https:\/\/www.encontracarrao.com.br\/sobre\/wp-json\/wp\/v2\/categories?post=1485"},{"taxonomy":"post_tag","embeddable":true,"href":"https:\/\/www.encontracarrao.com.br\/sobre\/wp-json\/wp\/v2\/tags?post=1485"}],"curies":[{"name":"wp","href":"https:\/\/api.w.org\/{rel}","templated":true}]}}