{"id":1489,"date":"2026-03-28T11:40:30","date_gmt":"2026-03-28T13:40:30","guid":{"rendered":"https:\/\/www.encontracarrao.com.br\/sobre\/falha-no-trem-afeta-circulacao-da-linha-3\/"},"modified":"2026-03-28T11:40:30","modified_gmt":"2026-03-28T13:40:30","slug":"falha-no-trem-afeta-circulacao-da-linha-3","status":"publish","type":"post","link":"https:\/\/www.encontracarrao.com.br\/sobre\/falha-no-trem-afeta-circulacao-da-linha-3\/","title":{"rendered":"Falha no trem afeta circula\u00e7\u00e3o da Linha 3"},"content":{"rendered":"<div class=\"461e69fcc6d6b0f7eb69b9e5bee8c239\" data-index=\"1\" style=\"float: none; margin:0px;\">\n<!-- Anuncio display - global -->\r\n<ins class=\"adsbygoogle\"\r\n     style=\"display:block\"\r\n     data-ad-client=\"ca-pub-8585364105181520\"\r\n     data-ad-slot=\"8789329856\"\r\n     data-ad-format=\"auto\"\r\n     data-full-width-responsive=\"true\"><\/ins>\r\n<script>\r\n     (adsbygoogle = window.adsbygoogle || []).push({});\r\n<\/script>\n<\/div>\n<h2>## Causas da Falha no Trem<\/h2>\n<p>No dia 27 de mar\u00e7o, pela manh\u00e3, a Linha 3-Vermelha do Metr\u00f4 de S\u00e3o Paulo enfrentou interrup\u00e7\u00f5es devido a uma falha t\u00e9cnica em um trem localizado na esta\u00e7\u00e3o Carr\u00e3o-Assa\u00ed Atacadista. Esta ocorr\u00eancia resultou em uma diminui\u00e7\u00e3o na velocidade dos trens, que circulavam em um ritmo mais lento do que o habitual. A situa\u00e7\u00e3o foi diagnosticada rapidamente por equipes de manuten\u00e7\u00e3o do Metr\u00f4, que se mobilizaram para entender as causas do problema.<\/p>\n<h2>## Impactos na Circula\u00e7\u00e3o dos Trens<\/h2>\n<p>Entre 7h43 e 7h49, o impacto da falha caracterizou-se por um aumento no tempo de parada em esta\u00e7\u00f5es ao longo da linha, gerando desconforto e atrasos para os usu\u00e1rios. Durante esse intervalo, muitos passageiros relataram que o tr\u00e1fego estava mais lento e podiam notar uma aglomera\u00e7\u00e3o maior, especialmente nas horas de pico, o que \u00e9 comum nas manh\u00e3s em S\u00e3o Paulo.<\/p>\n<h2>## Informa\u00e7\u00f5es Oficiais do Metr\u00f4<\/h2>\n<p>O Departamento de opera\u00e7\u00f5es do Metr\u00f4 emitiu um comunicado informando sobre a falha e assegurou que as equipes estavam dedicadas a resolver a situa\u00e7\u00e3o o mais r\u00e1pido poss\u00edvel. A partir de 7h49, a circula\u00e7\u00e3o foi normalizada, e os trens voltaram \u00e0 opera\u00e7\u00e3o com a velocidade padr\u00e3o, interrompendo o per\u00edodo de maior agonia para os passageiros.<\/p>\n<p><img decoding=\"async\" src=\"https:\/\/www.encontracarrao.com.br\/sobre\/wp-content\/uploads\/2026\/03\/falha-no-trem-afeta-circulacao-da-linha-3.webp\" alt=\"Linha 3-Vermelha\" loading=\"lazy\" \/><\/p>\n<h2>## Procedimentos Adotados para Normaliza\u00e7\u00e3o<\/h2>\n<p>Ap\u00f3s a falha, foram adotados procedimentos de verifica\u00e7\u00e3o e reparos. A equipe de manuten\u00e7\u00e3o do Metr\u00f4 atuou rapidamente para identificar o problema espec\u00edfico que afetou o trem. Inspe\u00e7\u00f5es regulares s\u00e3o padr\u00f5es adotados para garantir a seguran\u00e7a e efici\u00eancia do servi\u00e7o, mas a rapidez na identifica\u00e7\u00e3o de falhas \u00e9 essencial para minimizar impactos nas opera\u00e7\u00f5es.<\/p>\n<h2>## Relatos de Passageiros<\/h2>\n<p>Usu\u00e1rios da Linha 3-Vermelha compartilhavam, em redes sociais e plataformas de comunica\u00e7\u00e3o, suas experi\u00eancias durante a interrup\u00e7\u00e3o. Muitas pessoas expressaram frustra\u00e7\u00e3o, uma vez que grandes aglomera\u00e7\u00f5es e atrasos s\u00e3o comuns nas manh\u00e3s durante a semana. Outros, no entanto, reconheceram a necessidade de comunica\u00e7\u00e3o eficiente por parte do Metr\u00f4 durante emerg\u00eancias.<\/p>\n<h2>## Dicas para Enfrentar Atrasos<\/h2>\n<p>Quando se depara com atrasos na linha de metr\u00f4, algumas dicas podem facilitar a experi\u00eancia do passageiro:<\/p>\n<ul>\n<li><strong>Planejamento:<\/strong> Certifique-se de sair de casa mais cedo, especialmente em hor\u00e1rios de pico.<\/li>\n<li><strong>Opcional:<\/strong> Considere rotas alternativas utilizando \u00f4nibus ou bicicletas, se poss\u00edvel.<\/li>\n<li><strong>Uso de aplicativos:<\/strong> Utilize aplicativos que oferecem informa\u00e7\u00f5es em tempo real sobre o transporte p\u00fablico.<\/li>\n<\/ul>\n<h2>## Pontos de Aten\u00e7\u00e3o na Linha 3-Vermelha<\/h2>\n<p>Os passageiros devem estar atentos a alguns pontos cr\u00edticos da Linha 3-Vermelha, como:<\/p>\n<ul>\n<li><strong>Stations movimentadas:<\/strong> Algumas esta\u00e7\u00f5es, como a S\u00e9 e a Palmeiras-Barra Funda, s\u00e3o not\u00f3rias por sua alta movimenta\u00e7\u00e3o, especialmente em hor\u00e1rios movimentados.<\/li>\n<li><strong>Intera\u00e7\u00f5es com outras linhas:<\/strong> A interliga\u00e7\u00e3o com outras linhas do metr\u00f4, como a 1-Azul e 2-Verde, pode causar complica\u00e7\u00f5es em caso de falhas.<\/li>\n<\/ul>\n<h2>## Recomenda\u00e7\u00f5es do Metr\u00f4<\/h2>\n<p>O Metr\u00f4 de S\u00e3o Paulo frequentemente refor\u00e7a algumas recomenda\u00e7\u00f5es aos passageiros:<\/p>\n<ul>\n<li><strong>Seguran\u00e7a:<\/strong> N\u00e3o correr nas esta\u00e7\u00f5es e manter aten\u00e7\u00e3o \u00e0s sinaliza\u00e7\u00f5es.<\/li>\n<li><strong>Deslocamento:<\/strong> Ao embarcar e desembarcar, aguarde os passageiros sa\u00edrem antes de entrar nos trens.<\/li>\n<\/ul>\n<h2>## Como Acompanhar as Atualiza\u00e7\u00f5es<\/h2>\n<p>Para se informar sobre falhas, atrasos e outras ocorr\u00eancias, o Metr\u00f4 recomenda:<br \/>\u2022 Seguir suas redes sociais,<br \/>\u2022 Acompanhar atualiza\u00e7\u00f5es pelo site oficial,<br \/>\u2022 Usar aplicativos de transporte p\u00fablico que oferecem dados em tempo real.<\/p>\n<h2>## Pr\u00f3ximos Passos e Melhorias<\/h2>\n<p>O Metr\u00f4 est\u00e1 comprometido em aperfei\u00e7oar sua infraestrutura. A manuten\u00e7\u00e3o cont\u00ednua dos trens e esta\u00e7\u00f5es \u00e9 uma prioridade. Al\u00e9m disso, melhorias no sistema de comunica\u00e7\u00e3o com os passageiros est\u00e3o sendo implementadas para que informa\u00e7\u00f5es sobre emerg\u00eancias e falhas sejam divulgadas de forma mais clara e eficiente, minimizando transtornos futuros.<\/p>\n\n<div style=\"font-size: 0px; height: 0px; line-height: 0px; margin: 0; padding: 0; clear: both;\"><\/div>","protected":false},"excerpt":{"rendered":"<p>Falha no trem causa atrasos significativos na Linha 3-Vermelha do Metr\u00f4.<\/p>\n","protected":false},"author":1,"featured_media":1488,"comment_status":"open","ping_status":"closed","sticky":false,"template":"","format":"standard","meta":{"footnotes":""},"categories":[6],"tags":[],"class_list":["post-1489","post","type-post","status-publish","format-standard","has-post-thumbnail","hentry","category-noticias-no-carrao","has_thumb"],"aioseo_notices":[],"aioseo_head":"\n\t\t<!-- All in One SEO 5.0.0.1 - aioseo.com -->\n\t<meta name=\"description\" content=\"Falha no trem causa atrasos significativos na Linha 3-Vermelha do Metr\u00f4.\" \/>\n\t<meta name=\"robots\" content=\"max-image-preview:large\" \/>\n\t<meta name=\"author\" content=\"Encontra Carr\u00e3o\"\/>\n\t<link rel=\"canonical\" href=\"https:\/\/www.encontracarrao.com.br\/sobre\/falha-no-trem-afeta-circulacao-da-linha-3\/\" \/>\n\t<meta name=\"generator\" content=\"All in One SEO (AIOSEO) 5.0.0.1\" \/>\n\t\t<meta property=\"og:locale\" content=\"pt_BR\" \/>\n\t\t<meta property=\"og:site_name\" content=\"Encontra Carr\u00e3o | Not\u00edcias, eventos, informa\u00e7\u00f5es e dicas no bairro do Carr\u00e3o e regi\u00e3o\" \/>\n\t\t<meta property=\"og:type\" content=\"article\" \/>\n\t\t<meta property=\"og:title\" content=\"Falha no trem afeta circula\u00e7\u00e3o da Linha 3 | Encontra Carr\u00e3o\" \/>\n\t\t<meta property=\"og:description\" content=\"Falha no trem causa atrasos significativos na Linha 3-Vermelha do Metr\u00f4.\" \/>\n\t\t<meta property=\"og:url\" content=\"https:\/\/www.encontracarrao.com.br\/sobre\/falha-no-trem-afeta-circulacao-da-linha-3\/\" \/>\n\t\t<meta property=\"article:published_time\" content=\"2026-03-28T13:40:30+00:00\" \/>\n\t\t<meta property=\"article:modified_time\" content=\"2026-03-28T13:40:30+00:00\" \/>\n\t\t<meta name=\"twitter:card\" content=\"summary_large_image\" \/>\n\t\t<meta name=\"twitter:title\" content=\"Falha no trem afeta circula\u00e7\u00e3o da Linha 3 | Encontra Carr\u00e3o\" \/>\n\t\t<meta name=\"twitter:description\" content=\"Falha no trem causa atrasos significativos na Linha 3-Vermelha do Metr\u00f4.\" \/>\n\t\t<script type=\"application\/ld+json\" class=\"aioseo-schema\">\n\t\t\t{\"@context\":\"https:\\\/\\\/schema.org\",\"@graph\":[{\"@type\":\"Article\",\"@id\":\"https:\\\/\\\/www.encontracarrao.com.br\\\/sobre\\\/falha-no-trem-afeta-circulacao-da-linha-3\\\/#article\",\"name\":\"Falha no trem afeta circula\\u00e7\\u00e3o da Linha 3 | Encontra Carr\\u00e3o\",\"headline\":\"Falha no trem afeta circula\\u00e7\\u00e3o da Linha 3\",\"author\":{\"@id\":\"https:\\\/\\\/www.encontracarrao.com.br\\\/sobre\\\/author\\\/ecarrao\\\/#author\"},\"publisher\":{\"@id\":\"https:\\\/\\\/www.encontracarrao.com.br\\\/sobre\\\/#organization\"},\"image\":{\"@type\":\"ImageObject\",\"url\":\"https:\\\/\\\/www.encontracarrao.com.br\\\/sobre\\\/wp-content\\\/uploads\\\/2026\\\/03\\\/falha-no-trem-afeta-circulacao-da-linha-3.webp\",\"width\":280,\"height\":280,\"caption\":\"Linha 3-Vermelha\"},\"datePublished\":\"2026-03-28T11:40:30-02:00\",\"dateModified\":\"2026-03-28T11:40:30-02:00\",\"inLanguage\":\"pt-BR\",\"mainEntityOfPage\":{\"@id\":\"https:\\\/\\\/www.encontracarrao.com.br\\\/sobre\\\/falha-no-trem-afeta-circulacao-da-linha-3\\\/#webpage\"},\"isPartOf\":{\"@id\":\"https:\\\/\\\/www.encontracarrao.com.br\\\/sobre\\\/falha-no-trem-afeta-circulacao-da-linha-3\\\/#webpage\"},\"articleSection\":\"Not\\u00edcias Carr\\u00e3o\"},{\"@type\":\"BreadcrumbList\",\"@id\":\"https:\\\/\\\/www.encontracarrao.com.br\\\/sobre\\\/falha-no-trem-afeta-circulacao-da-linha-3\\\/#breadcrumblist\",\"itemListElement\":[{\"@type\":\"ListItem\",\"@id\":\"https:\\\/\\\/www.encontracarrao.com.br\\\/sobre#listItem\",\"position\":1,\"name\":\"In\\u00edcio\",\"item\":\"https:\\\/\\\/www.encontracarrao.com.br\\\/sobre\",\"nextItem\":{\"@type\":\"ListItem\",\"@id\":\"https:\\\/\\\/www.encontracarrao.com.br\\\/sobre\\\/noticias-no-carrao\\\/#listItem\",\"name\":\"Not\\u00edcias Carr\\u00e3o\"}},{\"@type\":\"ListItem\",\"@id\":\"https:\\\/\\\/www.encontracarrao.com.br\\\/sobre\\\/noticias-no-carrao\\\/#listItem\",\"position\":2,\"name\":\"Not\\u00edcias Carr\\u00e3o\",\"item\":\"https:\\\/\\\/www.encontracarrao.com.br\\\/sobre\\\/noticias-no-carrao\\\/\",\"nextItem\":{\"@type\":\"ListItem\",\"@id\":\"https:\\\/\\\/www.encontracarrao.com.br\\\/sobre\\\/falha-no-trem-afeta-circulacao-da-linha-3\\\/#listItem\",\"name\":\"Falha no trem afeta circula\\u00e7\\u00e3o da Linha 3\"},\"previousItem\":{\"@type\":\"ListItem\",\"@id\":\"https:\\\/\\\/www.encontracarrao.com.br\\\/sobre#listItem\",\"name\":\"In\\u00edcio\"}},{\"@type\":\"ListItem\",\"@id\":\"https:\\\/\\\/www.encontracarrao.com.br\\\/sobre\\\/falha-no-trem-afeta-circulacao-da-linha-3\\\/#listItem\",\"position\":3,\"name\":\"Falha no trem afeta circula\\u00e7\\u00e3o da Linha 3\",\"previousItem\":{\"@type\":\"ListItem\",\"@id\":\"https:\\\/\\\/www.encontracarrao.com.br\\\/sobre\\\/noticias-no-carrao\\\/#listItem\",\"name\":\"Not\\u00edcias Carr\\u00e3o\"}}]},{\"@type\":\"Organization\",\"@id\":\"https:\\\/\\\/www.encontracarrao.com.br\\\/sobre\\\/#organization\",\"name\":\"Encontra Carr\\u00e3o\",\"description\":\"Not\\u00edcias, eventos, informa\\u00e7\\u00f5es e dicas no bairro do Carr\\u00e3o e regi\\u00e3o\",\"url\":\"https:\\\/\\\/www.encontracarrao.com.br\\\/sobre\\\/\"},{\"@type\":\"Person\",\"@id\":\"https:\\\/\\\/www.encontracarrao.com.br\\\/sobre\\\/author\\\/ecarrao\\\/#author\",\"url\":\"https:\\\/\\\/www.encontracarrao.com.br\\\/sobre\\\/author\\\/ecarrao\\\/\",\"name\":\"Encontra Carr\\u00e3o\",\"image\":{\"@type\":\"ImageObject\",\"@id\":\"https:\\\/\\\/www.encontracarrao.com.br\\\/sobre\\\/falha-no-trem-afeta-circulacao-da-linha-3\\\/#authorImage\",\"url\":\"https:\\\/\\\/secure.gravatar.com\\\/avatar\\\/507340682b8270222e1f208e23198b6ae7e2c6a1033ae84e99bc6bce4f82a387?s=96&d=mm&r=g\",\"width\":96,\"height\":96,\"caption\":\"Encontra Carr\\u00e3o\"}},{\"@type\":\"WebPage\",\"@id\":\"https:\\\/\\\/www.encontracarrao.com.br\\\/sobre\\\/falha-no-trem-afeta-circulacao-da-linha-3\\\/#webpage\",\"url\":\"https:\\\/\\\/www.encontracarrao.com.br\\\/sobre\\\/falha-no-trem-afeta-circulacao-da-linha-3\\\/\",\"name\":\"Falha no trem afeta circula\\u00e7\\u00e3o da Linha 3 | Encontra Carr\\u00e3o\",\"description\":\"Falha no trem causa atrasos significativos na Linha 3-Vermelha do Metr\\u00f4.\",\"inLanguage\":\"pt-BR\",\"isPartOf\":{\"@id\":\"https:\\\/\\\/www.encontracarrao.com.br\\\/sobre\\\/#website\"},\"breadcrumb\":{\"@id\":\"https:\\\/\\\/www.encontracarrao.com.br\\\/sobre\\\/falha-no-trem-afeta-circulacao-da-linha-3\\\/#breadcrumblist\"},\"author\":{\"@id\":\"https:\\\/\\\/www.encontracarrao.com.br\\\/sobre\\\/author\\\/ecarrao\\\/#author\"},\"creator\":{\"@id\":\"https:\\\/\\\/www.encontracarrao.com.br\\\/sobre\\\/author\\\/ecarrao\\\/#author\"},\"image\":{\"@type\":\"ImageObject\",\"url\":\"https:\\\/\\\/www.encontracarrao.com.br\\\/sobre\\\/wp-content\\\/uploads\\\/2026\\\/03\\\/falha-no-trem-afeta-circulacao-da-linha-3.webp\",\"@id\":\"https:\\\/\\\/www.encontracarrao.com.br\\\/sobre\\\/falha-no-trem-afeta-circulacao-da-linha-3\\\/#mainImage\",\"width\":280,\"height\":280,\"caption\":\"Linha 3-Vermelha\"},\"primaryImageOfPage\":{\"@id\":\"https:\\\/\\\/www.encontracarrao.com.br\\\/sobre\\\/falha-no-trem-afeta-circulacao-da-linha-3\\\/#mainImage\"},\"datePublished\":\"2026-03-28T11:40:30-02:00\",\"dateModified\":\"2026-03-28T11:40:30-02:00\"},{\"@type\":\"WebSite\",\"@id\":\"https:\\\/\\\/www.encontracarrao.com.br\\\/sobre\\\/#website\",\"url\":\"https:\\\/\\\/www.encontracarrao.com.br\\\/sobre\\\/\",\"name\":\"Encontra Carr\\u00e3o\",\"description\":\"Not\\u00edcias, eventos, informa\\u00e7\\u00f5es e dicas no bairro do Carr\\u00e3o e regi\\u00e3o\",\"inLanguage\":\"pt-BR\",\"publisher\":{\"@id\":\"https:\\\/\\\/www.encontracarrao.com.br\\\/sobre\\\/#organization\"}}]}\n\t\t<\/script>\n\t\t<!-- All in One SEO -->\n\n","aioseo_head_json":{"title":"Falha no trem afeta circula\u00e7\u00e3o da Linha 3 | Encontra Carr\u00e3o","description":"Falha no trem causa atrasos significativos na Linha 3-Vermelha do Metr\u00f4.","canonical_url":"https:\/\/www.encontracarrao.com.br\/sobre\/falha-no-trem-afeta-circulacao-da-linha-3\/","robots":"max-image-preview:large","keywords":"","webmasterTools":{"miscellaneous":""},"schema":{"@context":"https:\/\/schema.org","@graph":[{"@type":"Article","@id":"https:\/\/www.encontracarrao.com.br\/sobre\/falha-no-trem-afeta-circulacao-da-linha-3\/#article","name":"Falha no trem afeta circula\u00e7\u00e3o da Linha 3 | Encontra Carr\u00e3o","headline":"Falha no trem afeta circula\u00e7\u00e3o da Linha 3","author":{"@id":"https:\/\/www.encontracarrao.com.br\/sobre\/author\/ecarrao\/#author"},"publisher":{"@id":"https:\/\/www.encontracarrao.com.br\/sobre\/#organization"},"image":{"@type":"ImageObject","url":"https:\/\/www.encontracarrao.com.br\/sobre\/wp-content\/uploads\/2026\/03\/falha-no-trem-afeta-circulacao-da-linha-3.webp","width":280,"height":280,"caption":"Linha 3-Vermelha"},"datePublished":"2026-03-28T11:40:30-02:00","dateModified":"2026-03-28T11:40:30-02:00","inLanguage":"pt-BR","mainEntityOfPage":{"@id":"https:\/\/www.encontracarrao.com.br\/sobre\/falha-no-trem-afeta-circulacao-da-linha-3\/#webpage"},"isPartOf":{"@id":"https:\/\/www.encontracarrao.com.br\/sobre\/falha-no-trem-afeta-circulacao-da-linha-3\/#webpage"},"articleSection":"Not\u00edcias Carr\u00e3o"},{"@type":"BreadcrumbList","@id":"https:\/\/www.encontracarrao.com.br\/sobre\/falha-no-trem-afeta-circulacao-da-linha-3\/#breadcrumblist","itemListElement":[{"@type":"ListItem","@id":"https:\/\/www.encontracarrao.com.br\/sobre#listItem","position":1,"name":"In\u00edcio","item":"https:\/\/www.encontracarrao.com.br\/sobre","nextItem":{"@type":"ListItem","@id":"https:\/\/www.encontracarrao.com.br\/sobre\/noticias-no-carrao\/#listItem","name":"Not\u00edcias Carr\u00e3o"}},{"@type":"ListItem","@id":"https:\/\/www.encontracarrao.com.br\/sobre\/noticias-no-carrao\/#listItem","position":2,"name":"Not\u00edcias Carr\u00e3o","item":"https:\/\/www.encontracarrao.com.br\/sobre\/noticias-no-carrao\/","nextItem":{"@type":"ListItem","@id":"https:\/\/www.encontracarrao.com.br\/sobre\/falha-no-trem-afeta-circulacao-da-linha-3\/#listItem","name":"Falha no trem afeta circula\u00e7\u00e3o da Linha 3"},"previousItem":{"@type":"ListItem","@id":"https:\/\/www.encontracarrao.com.br\/sobre#listItem","name":"In\u00edcio"}},{"@type":"ListItem","@id":"https:\/\/www.encontracarrao.com.br\/sobre\/falha-no-trem-afeta-circulacao-da-linha-3\/#listItem","position":3,"name":"Falha no trem afeta circula\u00e7\u00e3o da Linha 3","previousItem":{"@type":"ListItem","@id":"https:\/\/www.encontracarrao.com.br\/sobre\/noticias-no-carrao\/#listItem","name":"Not\u00edcias Carr\u00e3o"}}]},{"@type":"Organization","@id":"https:\/\/www.encontracarrao.com.br\/sobre\/#organization","name":"Encontra Carr\u00e3o","description":"Not\u00edcias, eventos, informa\u00e7\u00f5es e dicas no bairro do Carr\u00e3o e regi\u00e3o","url":"https:\/\/www.encontracarrao.com.br\/sobre\/"},{"@type":"Person","@id":"https:\/\/www.encontracarrao.com.br\/sobre\/author\/ecarrao\/#author","url":"https:\/\/www.encontracarrao.com.br\/sobre\/author\/ecarrao\/","name":"Encontra Carr\u00e3o","image":{"@type":"ImageObject","@id":"https:\/\/www.encontracarrao.com.br\/sobre\/falha-no-trem-afeta-circulacao-da-linha-3\/#authorImage","url":"https:\/\/secure.gravatar.com\/avatar\/507340682b8270222e1f208e23198b6ae7e2c6a1033ae84e99bc6bce4f82a387?s=96&d=mm&r=g","width":96,"height":96,"caption":"Encontra Carr\u00e3o"}},{"@type":"WebPage","@id":"https:\/\/www.encontracarrao.com.br\/sobre\/falha-no-trem-afeta-circulacao-da-linha-3\/#webpage","url":"https:\/\/www.encontracarrao.com.br\/sobre\/falha-no-trem-afeta-circulacao-da-linha-3\/","name":"Falha no trem afeta circula\u00e7\u00e3o da Linha 3 | Encontra Carr\u00e3o","description":"Falha no trem causa atrasos significativos na Linha 3-Vermelha do Metr\u00f4.","inLanguage":"pt-BR","isPartOf":{"@id":"https:\/\/www.encontracarrao.com.br\/sobre\/#website"},"breadcrumb":{"@id":"https:\/\/www.encontracarrao.com.br\/sobre\/falha-no-trem-afeta-circulacao-da-linha-3\/#breadcrumblist"},"author":{"@id":"https:\/\/www.encontracarrao.com.br\/sobre\/author\/ecarrao\/#author"},"creator":{"@id":"https:\/\/www.encontracarrao.com.br\/sobre\/author\/ecarrao\/#author"},"image":{"@type":"ImageObject","url":"https:\/\/www.encontracarrao.com.br\/sobre\/wp-content\/uploads\/2026\/03\/falha-no-trem-afeta-circulacao-da-linha-3.webp","@id":"https:\/\/www.encontracarrao.com.br\/sobre\/falha-no-trem-afeta-circulacao-da-linha-3\/#mainImage","width":280,"height":280,"caption":"Linha 3-Vermelha"},"primaryImageOfPage":{"@id":"https:\/\/www.encontracarrao.com.br\/sobre\/falha-no-trem-afeta-circulacao-da-linha-3\/#mainImage"},"datePublished":"2026-03-28T11:40:30-02:00","dateModified":"2026-03-28T11:40:30-02:00"},{"@type":"WebSite","@id":"https:\/\/www.encontracarrao.com.br\/sobre\/#website","url":"https:\/\/www.encontracarrao.com.br\/sobre\/","name":"Encontra Carr\u00e3o","description":"Not\u00edcias, eventos, informa\u00e7\u00f5es e dicas no bairro do Carr\u00e3o e regi\u00e3o","inLanguage":"pt-BR","publisher":{"@id":"https:\/\/www.encontracarrao.com.br\/sobre\/#organization"}}]},"og:locale":"pt_BR","og:site_name":"Encontra Carr\u00e3o | Not\u00edcias, eventos, informa\u00e7\u00f5es e dicas no bairro do Carr\u00e3o e regi\u00e3o","og:type":"article","og:title":"Falha no trem afeta circula\u00e7\u00e3o da Linha 3 | Encontra Carr\u00e3o","og:description":"Falha no trem causa atrasos significativos na Linha 3-Vermelha do Metr\u00f4.","og:url":"https:\/\/www.encontracarrao.com.br\/sobre\/falha-no-trem-afeta-circulacao-da-linha-3\/","article:published_time":"2026-03-28T13:40:30+00:00","article:modified_time":"2026-03-28T13:40:30+00:00","twitter:card":"summary_large_image","twitter:title":"Falha no trem afeta circula\u00e7\u00e3o da Linha 3 | Encontra Carr\u00e3o","twitter:description":"Falha no trem causa atrasos significativos na Linha 3-Vermelha do Metr\u00f4."},"aioseo_meta_data":{"post_id":"1489","title":null,"description":null,"keywords":null,"keyphrases":null,"primary_term":null,"canonical_url":null,"og_title":null,"og_description":null,"og_object_type":"default","og_image_type":"default","og_image_url":null,"og_image_width":null,"og_image_height":null,"og_image_custom_url":null,"og_image_custom_fields":null,"og_video":null,"og_custom_url":null,"og_article_section":null,"og_article_tags":null,"twitter_use_og":false,"twitter_card":"default","twitter_image_type":"default","twitter_image_url":null,"twitter_image_custom_url":null,"twitter_image_custom_fields":null,"twitter_title":null,"twitter_description":null,"schema":{"blockGraphs":[],"customGraphs":[],"default":{"data":{"Article":[],"Course":[],"Dataset":[],"FAQPage":[],"Movie":[],"Person":[],"Product":[],"ProductReview":[],"Car":[],"Recipe":[],"Service":[],"SoftwareApplication":[],"WebPage":[]},"graphName":"Article","isEnabled":true},"graphs":[]},"schema_type":"default","schema_type_options":null,"pillar_content":false,"robots_default":true,"robots_noindex":false,"robots_noarchive":false,"robots_nosnippet":false,"robots_nofollow":false,"robots_noimageindex":false,"robots_noodp":false,"robots_notranslate":false,"robots_max_snippet":null,"robots_max_videopreview":null,"robots_max_imagepreview":"large","priority":null,"frequency":null,"local_seo":null,"limit_modified_date":false,"created":"2026-03-28 13:40:35","updated":"2026-08-06 02:42:18","focus_keyword":null,"additional_keywords":null,"truseo_locale":null,"ai":null,"breadcrumb_settings":null,"seo_analyzer_scan_date":null},"aioseo_breadcrumb":"<div class=\"aioseo-breadcrumbs\"><span class=\"aioseo-breadcrumb\">\n\t\t\t<a href=\"https:\/\/www.encontracarrao.com.br\/sobre\" title=\"In\u00edcio\">In\u00edcio<\/a>\n\t\t<\/span><span class=\"aioseo-breadcrumb-separator\">&raquo;<\/span><span class=\"aioseo-breadcrumb\">\n\t\t\t<a href=\"https:\/\/www.encontracarrao.com.br\/sobre\/noticias-no-carrao\/\" title=\"Not\u00edcias Carr\u00e3o\">Not\u00edcias Carr\u00e3o<\/a>\n\t\t<\/span><span class=\"aioseo-breadcrumb-separator\">&raquo;<\/span><span class=\"aioseo-breadcrumb\">\n\t\t\tFalha no trem afeta circula\u00e7\u00e3o da Linha 3\n\t\t<\/span><\/div>","aioseo_breadcrumb_json":[{"label":"In\u00edcio","link":"https:\/\/www.encontracarrao.com.br\/sobre"},{"label":"Not\u00edcias Carr\u00e3o","link":"https:\/\/www.encontracarrao.com.br\/sobre\/noticias-no-carrao\/"},{"label":"Falha no trem afeta circula\u00e7\u00e3o da Linha 3","link":"https:\/\/www.encontracarrao.com.br\/sobre\/falha-no-trem-afeta-circulacao-da-linha-3\/"}],"_links":{"self":[{"href":"https:\/\/www.encontracarrao.com.br\/sobre\/wp-json\/wp\/v2\/posts\/1489","targetHints":{"allow":["GET"]}}],"collection":[{"href":"https:\/\/www.encontracarrao.com.br\/sobre\/wp-json\/wp\/v2\/posts"}],"about":[{"href":"https:\/\/www.encontracarrao.com.br\/sobre\/wp-json\/wp\/v2\/types\/post"}],"author":[{"embeddable":true,"href":"https:\/\/www.encontracarrao.com.br\/sobre\/wp-json\/wp\/v2\/users\/1"}],"replies":[{"embeddable":true,"href":"https:\/\/www.encontracarrao.com.br\/sobre\/wp-json\/wp\/v2\/comments?post=1489"}],"version-history":[{"count":0,"href":"https:\/\/www.encontracarrao.com.br\/sobre\/wp-json\/wp\/v2\/posts\/1489\/revisions"}],"wp:featuredmedia":[{"embeddable":true,"href":"https:\/\/www.encontracarrao.com.br\/sobre\/wp-json\/wp\/v2\/media\/1488"}],"wp:attachment":[{"href":"https:\/\/www.encontracarrao.com.br\/sobre\/wp-json\/wp\/v2\/media?parent=1489"}],"wp:term":[{"taxonomy":"category","embeddable":true,"href":"https:\/\/www.encontracarrao.com.br\/sobre\/wp-json\/wp\/v2\/categories?post=1489"},{"taxonomy":"post_tag","embeddable":true,"href":"https:\/\/www.encontracarrao.com.br\/sobre\/wp-json\/wp\/v2\/tags?post=1489"}],"curies":[{"name":"wp","href":"https:\/\/api.w.org\/{rel}","templated":true}]}}