{"id":1978,"date":"2026-08-29T07:48:27","date_gmt":"2026-08-29T09:48:27","guid":{"rendered":"https:\/\/www.encontracarrao.com.br\/sobre\/humberto-carrao-completa-35-anos-nesta-sexta\/"},"modified":"2026-08-29T07:48:27","modified_gmt":"2026-08-29T09:48:27","slug":"humberto-carrao-completa-35-anos-nesta-sexta","status":"publish","type":"post","link":"https:\/\/www.encontracarrao.com.br\/sobre\/humberto-carrao-completa-35-anos-nesta-sexta\/","title":{"rendered":"Humberto Carr\u00e3o completa 35 anos nesta sexta"},"content":{"rendered":"<div class=\"461e69fcc6d6b0f7eb69b9e5bee8c239\" data-index=\"1\" style=\"float: none; margin:0px;\">\n<!-- Anuncio display - global -->\r\n<ins class=\"adsbygoogle\"\r\n     style=\"display:block\"\r\n     data-ad-client=\"ca-pub-8585364105181520\"\r\n     data-ad-slot=\"8789329856\"\r\n     data-ad-format=\"auto\"\r\n     data-full-width-responsive=\"true\"><\/ins>\r\n<script>\r\n     (adsbygoogle = window.adsbygoogle || []).push({});\r\n<\/script>\n<\/div>\n<h2>O In\u00edcio da Carreira de Humberto Carr\u00e3o<\/h2>\n<p>Humberto Carr\u00e3o, um talentoso ator brasileiro, iniciou sua atua\u00e7\u00e3o nas telinhas ainda em sua inf\u00e2ncia. Logo aos oito anos, fez sua estreia em <strong>Malha\u00e7\u00e3o<\/strong>, uma das s\u00e9ries mais populares da televis\u00e3o, em 2004. Esta marca o in\u00edcio de uma jornada que o levaria a se tornar um dos nomes mais reconhecidos da dramaturgia nacional.<\/p>\n<p>Ap\u00f3s sua primeira experi\u00eancia, Carr\u00e3o foi rapidamente escalado para outros pap\u00e9is, destacando-se ainda mais ao interpretar Pablito em <strong>Bang Bang<\/strong> no ano seguinte. No intuito de cativar o p\u00fablico jovem, ele retornou \u00e0 televis\u00e3o em 2007, quando deu vida ao Caipora em <strong>S\u00edtio do Picapau Amarelo<\/strong>, uma famosa s\u00e9rie voltada para o p\u00fablico infantil, mostrando sua versatilidade e capacidade de atuar em diferentes g\u00eaneros.<\/p>\n<p>Em 2009, Carr\u00e3o teve a oportunidade de reentrar em <strong>Malha\u00e7\u00e3o<\/strong>, desta vez como Caio Lemgruber, personagem que, apesar de ser um antagonista no in\u00edcio, evoluiu ao longo da narrativa, aumentando sua complexidade e a profundidade de sua atua\u00e7\u00e3o.<\/p>\n<p><img decoding=\"async\" src=\"https:\/\/www.encontracarrao.com.br\/sobre\/wp-content\/uploads\/2026\/08\/humberto-carrao-completa-35-anos-nesta-sexta.webp\" alt=\"Humberto Carr\u00e3o 35 anos\" loading=\"lazy\" \/><\/p>\n<h2>Pap\u00e9is Ic\u00f4nicos na Televis\u00e3o<\/h2>\n<p>Com o passar dos anos, Humberto Carr\u00e3o ampliou seu repert\u00f3rio e consolidou sua carreira em produ\u00e7\u00f5es de grande import\u00e2ncia. Em 2010, ele deu vida ao personagem Luti no remake de <strong>Ti-Ti-Ti<\/strong>, onde seu trabalho foi amplamente elogiado. Este papel marcou uma fase significativa em sua carreira, e o ajudou a solidificar sua presen\u00e7a como um ator requisitado na televis\u00e3o.<\/p>\n<p>Dando seguimento ao seu sucesso, Carr\u00e3o foi protagonista em <strong>Cheias de Charme<\/strong>, interpretando Elano Fragoso, um advogado charmoso que conquistou o p\u00fablico. Depois, ele participou de <strong>Sangue Bom<\/strong>, onde viveu Fabinho, um papel que lhe rendeu ainda mais reconhecimento. O ator ent\u00e3o se viu em um papel de destaque em <strong>Gera\u00e7\u00e3o Brasil<\/strong> como Davi Reis, onde explorou tem\u00e1ticas modernas e pertinentes.<\/p>\n<h2>A Popularidade em Malha\u00e7\u00e3o<\/h2>\n<p>O papel de destaque em <strong>Malha\u00e7\u00e3o<\/strong> foi crucial na constru\u00e7\u00e3o da carreira de Humberto Carr\u00e3o. Este programa, que lan\u00e7ou diversas estrelas da televis\u00e3o brasileira, permitiu que o ator se tornasse um nome familiar. Sua habilidade de se conectar com o p\u00fablico jovem fez com que ele se tornasse uma figura admirada por muitos jovens na \u00e9poca. A trajet\u00f3ria de seu personagem foi acompanhada com interesse pelos telespectadores, demonstrando a receptividade do p\u00fablico a seu talento e carisma.<\/p>\n<h2>Desafios e Conquistas<\/h2>\n<p>No decorrer de sua carreira, Carr\u00e3o enfrentou desafios, como a transi\u00e7\u00e3o entre pap\u00e9is em produ\u00e7\u00f5es voltadas para o p\u00fablico jovem e atua\u00e7\u00f5es mais dram\u00e1ticas. Sua capacidade de adapta\u00e7\u00e3o aos diferentes tipos de personagens fez com que ele se destacasse em diversos g\u00eaneros, desde com\u00e9dias at\u00e9 dramas sociais, mostrando sua versatilidade como ator.<\/p>\n<p>A sua entrada no hor\u00e1rio nobre da televis\u00e3o brasileira se deu com sua atua\u00e7\u00e3o em <strong>A Lei do Amor<\/strong>, onde interpretou Tiago Leit\u00e3o. Este projeto, que gerou grande expectativa, foi um divisor de \u00e1guas para o ator, levando seu nome a patamares ainda mais elevados, assim como sua atua\u00e7\u00e3o em <strong>Amor de M\u00e3e<\/strong>, que o colocou em evid\u00eancia novamente, gra\u00e7as ao papel do complexo Sandro.<\/p>\n<h2>Rela\u00e7\u00f5es e Pol\u00eamicas<\/h2>\n<p>A vida pessoal de Humberto Carr\u00e3o tamb\u00e9m \u00e9 frequentemente tema de interesse p\u00fablico. Um dos relacionamentos mais not\u00e1veis de sua vida foi com a atriz <strong>Chandelly Braz<\/strong>. Juntos, eles formaram um casal por cerca de dez anos, per\u00edodo que gerou grande cobertura da m\u00eddia. A separa\u00e7\u00e3o, ocorrida em 2022, provocou discuss\u00f5es nas redes sociais, especialmente sobre a forma como o t\u00e9rmino foi abordado pela imprensa e o p\u00fablico.<\/p>\n<p>Em um desabafo, Carr\u00e3o criticou a forma como a cultura machista tratou seu status de solteiro ap\u00f3s o t\u00e9rmino, refletindo sobre a diferen\u00e7a na forma como homens e mulheres s\u00e3o vistos em casos semelhantes. Sua sinceridade em discutir esses problemas sociais aumentou sua visibilidade, mostrando que ele n\u00e3o se esquiva de abordar temas relevantes.<\/p>\n<h2>Humberto Carr\u00e3o e o Teatro<\/h2>\n<p>Al\u00e9m de seu trabalho na televis\u00e3o, Humberto Carr\u00e3o \u00e9 um artista que valoriza o teatro. Sua experi\u00eancia no palco proporciona a ele uma forma\u00e7\u00e3o s\u00f3lida e uma base para seu desenvolvimento como ator. As atua\u00e7\u00f5es teatrais s\u00e3o essenciais na carreira do artista, pois o teatro \u00e9 um espa\u00e7o que permite a explora\u00e7\u00e3o de personagens de maneira mais profunda e intensa.<\/p>\n<p>Esse contato com a arte dram\u00e1tica no teatro moldou sua abordagem em produ\u00e7\u00f5es audiovisuais, permitindo que ele traga uma profundidade emocional \u00fanica a seus pap\u00e9is na televis\u00e3o e no cinema.<\/p>\n<h2>O Amor pelo Samba<\/h2>\n<p>Longe do trabalho nas telas, Humberto Carr\u00e3o tem uma paix\u00e3o intensa pelo samba, que \u00e9 uma parte significativa de sua vida pessoal. Frequentando rodas de samba na cidade do Rio de Janeiro, ele n\u00e3o apenas aprecia a m\u00fasica, mas tamb\u00e9m participa ativamente, tocando instrumentos e cantando. Essa rela\u00e7\u00e3o duradoura com o samba se estende desde a adolesc\u00eancia, quando formou uma banda, evoluindo ao longo dos anos e reafirmando sua conex\u00e3o com a cultura carioca.<\/p>\n<p>O samba ocupa um espa\u00e7o especial em sua vida, refletindo sua identidade e ra\u00edzes brasileiras. O atuar no g\u00eanero musical \u00e9 uma forma de express\u00e3o que ele aprecia e que se integra em suas celebra\u00e7\u00f5es e momentos de descontra\u00e7\u00e3o.<\/p>\n<h2>Novelas Recentes e Novos Projetos<\/h2>\n<p>Nos \u00faltimos anos, Humberto Carr\u00e3o continuou a expandir sua carreira com projetos inovadores. Em 2022, ele foi o protagonista da novela <strong>Todas as Flores<\/strong>, a primeira produ\u00e7\u00e3o original do Globoplay. Neste trabalho, Carr\u00e3o interpretou Rafael, demonstrando sua habilidade de se adaptar aos novos formatos que surgem na ind\u00fastria do entretenimento. Um passo significativo em sua carreira, mostrando que ele est\u00e1 sempre em busca de novos desafios.<\/p>\n<p>Em 2024, Carr\u00e3o retornou \u00e0s telinhas em <strong>Renascer<\/strong>, onde interpretou Jos\u00e9 Inoc\u00eancio, um personagem que exige grande profundidade e entrega emocional, consolidando, assim, sua import\u00e2ncia no meio televisivo. J\u00e1 em 2025, integrou o elenco do remake de <strong>Vale Tudo<\/strong>, onde deu vida a Afonso Roitman, compartilhando novamente a tela com Alice Wegmann, uma parceira de trabalho que despertou rumores sobre um poss\u00edvel romance.<\/p>\n<h2>Reflex\u00f5es sobre a Vida Pessoal<\/h2>\n<p>A vida pessoal de Humberto Carr\u00e3o \u00e9 frequentemente analisada, especialmente em rela\u00e7\u00e3o aos seus relacionamentos e como ele apresenta sua vida a seus f\u00e3s. O ator opta por manter muitos aspectos de sua vida privada longe da m\u00eddia, o que lhe proporciona um espa\u00e7o de tranquilidade. Entretanto, isso n\u00e3o impede que sua vida amorosa e suas intera\u00e7\u00f5es sociais gerem especula\u00e7\u00f5es entre o p\u00fablico e a imprensa.<\/p>\n<p>Carr\u00e3o n\u00e3o hesita em abordar quest\u00f5es sociais e relacionamentos em entrevistas, refletindo uma consci\u00eancia madura sobre suas experi\u00eancias. Assim, sua imagem p\u00fablica \u00e9 equilibrada entre o profissionalismo e a sinceridade ao se comunicar com seus f\u00e3s sobre os altos e baixos de sua vida.<\/p>\n<h2>O Legado de Humberto Carr\u00e3o<\/h2>\n<p>Ao longo de seus 35 anos, Humberto Carr\u00e3o fez muito mais do que desempenhar pap\u00e9is em novelas e s\u00e9ries. Ele se tornou uma figura influente e respeitada no mundo da dramaturgia brasileira, sendo capaz de tocar a vida de muitas pessoas atrav\u00e9s de suas performances. Sua habilidade de narrar hist\u00f3rias e encarnar personagens com autenticidade e emo\u00e7\u00e3o n\u00e3o s\u00f3 solidificou sua carreira, mas tamb\u00e9m deixou um legado duradouro na ind\u00fastria das artes c\u00eanicas.<\/p>\n<p>As contribui\u00e7\u00f5es de Carr\u00e3o ao teatro, cinema e televis\u00e3o demonstram sua versatilidade e dedica\u00e7\u00e3o \u00e0 arte, e sua paix\u00e3o pelo samba refor\u00e7a sua conex\u00e3o com a cultura brasileira. \u00c0 medida que ele continua a explorar novos projetos e a expandir seus horizontes na ind\u00fastria do entretenimento, \u00e9 evidente que Humberto Carr\u00e3o \u00e9 um artista a ser observado e seguido, com uma carreira que certamente ainda reserva muitos momentos memor\u00e1veis.<\/p>\n\n<div style=\"font-size: 0px; height: 0px; line-height: 0px; margin: 0; padding: 0; clear: both;\"><\/div>","protected":false},"excerpt":{"rendered":"<p>Humberto Carr\u00e3o completa 35 anos e relembramos sua trajet\u00f3ria na TV.<\/p>\n","protected":false},"author":1,"featured_media":1977,"comment_status":"open","ping_status":"closed","sticky":false,"template":"","format":"standard","meta":{"footnotes":""},"categories":[28],"tags":[],"class_list":["post-1978","post","type-post","status-publish","format-standard","has-post-thumbnail","hentry","category-cultura-no-carrao","has_thumb"],"aioseo_notices":[],"aioseo_head":"\n\t\t<!-- All in One SEO 5.0.0.1 - aioseo.com -->\n\t<meta name=\"description\" content=\"Humberto Carr\u00e3o completa 35 anos e relembramos sua trajet\u00f3ria na TV.\" \/>\n\t<meta name=\"robots\" content=\"max-image-preview:large\" \/>\n\t<meta name=\"author\" content=\"Encontra Carr\u00e3o\"\/>\n\t<link rel=\"canonical\" href=\"https:\/\/www.encontracarrao.com.br\/sobre\/humberto-carrao-completa-35-anos-nesta-sexta\/\" \/>\n\t<meta name=\"generator\" content=\"All in One SEO (AIOSEO) 5.0.0.1\" \/>\n\t\t<meta property=\"og:locale\" content=\"pt_BR\" \/>\n\t\t<meta property=\"og:site_name\" content=\"Encontra Carr\u00e3o | Not\u00edcias, eventos, informa\u00e7\u00f5es e dicas no bairro do Carr\u00e3o e regi\u00e3o\" \/>\n\t\t<meta property=\"og:type\" content=\"article\" \/>\n\t\t<meta property=\"og:title\" content=\"Humberto Carr\u00e3o completa 35 anos nesta sexta | Encontra Carr\u00e3o\" \/>\n\t\t<meta property=\"og:description\" content=\"Humberto Carr\u00e3o completa 35 anos e relembramos sua trajet\u00f3ria na TV.\" \/>\n\t\t<meta property=\"og:url\" content=\"https:\/\/www.encontracarrao.com.br\/sobre\/humberto-carrao-completa-35-anos-nesta-sexta\/\" \/>\n\t\t<meta property=\"article:published_time\" content=\"2026-08-29T09:48:27+00:00\" \/>\n\t\t<meta property=\"article:modified_time\" content=\"2026-08-29T09:48:27+00:00\" \/>\n\t\t<meta name=\"twitter:card\" content=\"summary_large_image\" \/>\n\t\t<meta name=\"twitter:title\" content=\"Humberto Carr\u00e3o completa 35 anos nesta sexta | Encontra Carr\u00e3o\" \/>\n\t\t<meta name=\"twitter:description\" content=\"Humberto Carr\u00e3o completa 35 anos e relembramos sua trajet\u00f3ria na TV.\" \/>\n\t\t<script type=\"application\/ld+json\" class=\"aioseo-schema\">\n\t\t\t{\"@context\":\"https:\\\/\\\/schema.org\",\"@graph\":[{\"@type\":\"Article\",\"@id\":\"https:\\\/\\\/www.encontracarrao.com.br\\\/sobre\\\/humberto-carrao-completa-35-anos-nesta-sexta\\\/#article\",\"name\":\"Humberto Carr\\u00e3o completa 35 anos nesta sexta | Encontra Carr\\u00e3o\",\"headline\":\"Humberto Carr\\u00e3o completa 35 anos nesta sexta\",\"author\":{\"@id\":\"https:\\\/\\\/www.encontracarrao.com.br\\\/sobre\\\/author\\\/ecarrao\\\/#author\"},\"publisher\":{\"@id\":\"https:\\\/\\\/www.encontracarrao.com.br\\\/sobre\\\/#organization\"},\"image\":{\"@type\":\"ImageObject\",\"url\":\"https:\\\/\\\/www.encontracarrao.com.br\\\/sobre\\\/wp-content\\\/uploads\\\/2026\\\/08\\\/humberto-carrao-completa-35-anos-nesta-sexta.webp\",\"width\":280,\"height\":280,\"caption\":\"Humberto Carr\\u00e3o 35 anos\"},\"datePublished\":\"2026-08-29T07:48:27-02:00\",\"dateModified\":\"2026-08-29T07:48:27-02:00\",\"inLanguage\":\"pt-BR\",\"mainEntityOfPage\":{\"@id\":\"https:\\\/\\\/www.encontracarrao.com.br\\\/sobre\\\/humberto-carrao-completa-35-anos-nesta-sexta\\\/#webpage\"},\"isPartOf\":{\"@id\":\"https:\\\/\\\/www.encontracarrao.com.br\\\/sobre\\\/humberto-carrao-completa-35-anos-nesta-sexta\\\/#webpage\"},\"articleSection\":\"Cultura Carr\\u00e3o\"},{\"@type\":\"BreadcrumbList\",\"@id\":\"https:\\\/\\\/www.encontracarrao.com.br\\\/sobre\\\/humberto-carrao-completa-35-anos-nesta-sexta\\\/#breadcrumblist\",\"itemListElement\":[{\"@type\":\"ListItem\",\"@id\":\"https:\\\/\\\/www.encontracarrao.com.br\\\/sobre#listItem\",\"position\":1,\"name\":\"In\\u00edcio\",\"item\":\"https:\\\/\\\/www.encontracarrao.com.br\\\/sobre\",\"nextItem\":{\"@type\":\"ListItem\",\"@id\":\"https:\\\/\\\/www.encontracarrao.com.br\\\/sobre\\\/cultura-no-carrao\\\/#listItem\",\"name\":\"Cultura Carr\\u00e3o\"}},{\"@type\":\"ListItem\",\"@id\":\"https:\\\/\\\/www.encontracarrao.com.br\\\/sobre\\\/cultura-no-carrao\\\/#listItem\",\"position\":2,\"name\":\"Cultura Carr\\u00e3o\",\"item\":\"https:\\\/\\\/www.encontracarrao.com.br\\\/sobre\\\/cultura-no-carrao\\\/\",\"nextItem\":{\"@type\":\"ListItem\",\"@id\":\"https:\\\/\\\/www.encontracarrao.com.br\\\/sobre\\\/humberto-carrao-completa-35-anos-nesta-sexta\\\/#listItem\",\"name\":\"Humberto Carr\\u00e3o completa 35 anos nesta sexta\"},\"previousItem\":{\"@type\":\"ListItem\",\"@id\":\"https:\\\/\\\/www.encontracarrao.com.br\\\/sobre#listItem\",\"name\":\"In\\u00edcio\"}},{\"@type\":\"ListItem\",\"@id\":\"https:\\\/\\\/www.encontracarrao.com.br\\\/sobre\\\/humberto-carrao-completa-35-anos-nesta-sexta\\\/#listItem\",\"position\":3,\"name\":\"Humberto Carr\\u00e3o completa 35 anos nesta sexta\",\"previousItem\":{\"@type\":\"ListItem\",\"@id\":\"https:\\\/\\\/www.encontracarrao.com.br\\\/sobre\\\/cultura-no-carrao\\\/#listItem\",\"name\":\"Cultura Carr\\u00e3o\"}}]},{\"@type\":\"Organization\",\"@id\":\"https:\\\/\\\/www.encontracarrao.com.br\\\/sobre\\\/#organization\",\"name\":\"Encontra Carr\\u00e3o\",\"description\":\"Not\\u00edcias, eventos, informa\\u00e7\\u00f5es e dicas no bairro do Carr\\u00e3o e regi\\u00e3o\",\"url\":\"https:\\\/\\\/www.encontracarrao.com.br\\\/sobre\\\/\"},{\"@type\":\"Person\",\"@id\":\"https:\\\/\\\/www.encontracarrao.com.br\\\/sobre\\\/author\\\/ecarrao\\\/#author\",\"url\":\"https:\\\/\\\/www.encontracarrao.com.br\\\/sobre\\\/author\\\/ecarrao\\\/\",\"name\":\"Encontra Carr\\u00e3o\",\"image\":{\"@type\":\"ImageObject\",\"@id\":\"https:\\\/\\\/www.encontracarrao.com.br\\\/sobre\\\/humberto-carrao-completa-35-anos-nesta-sexta\\\/#authorImage\",\"url\":\"https:\\\/\\\/secure.gravatar.com\\\/avatar\\\/507340682b8270222e1f208e23198b6ae7e2c6a1033ae84e99bc6bce4f82a387?s=96&d=mm&r=g\",\"width\":96,\"height\":96,\"caption\":\"Encontra Carr\\u00e3o\"}},{\"@type\":\"WebPage\",\"@id\":\"https:\\\/\\\/www.encontracarrao.com.br\\\/sobre\\\/humberto-carrao-completa-35-anos-nesta-sexta\\\/#webpage\",\"url\":\"https:\\\/\\\/www.encontracarrao.com.br\\\/sobre\\\/humberto-carrao-completa-35-anos-nesta-sexta\\\/\",\"name\":\"Humberto Carr\\u00e3o completa 35 anos nesta sexta | Encontra Carr\\u00e3o\",\"description\":\"Humberto Carr\\u00e3o completa 35 anos e relembramos sua trajet\\u00f3ria na TV.\",\"inLanguage\":\"pt-BR\",\"isPartOf\":{\"@id\":\"https:\\\/\\\/www.encontracarrao.com.br\\\/sobre\\\/#website\"},\"breadcrumb\":{\"@id\":\"https:\\\/\\\/www.encontracarrao.com.br\\\/sobre\\\/humberto-carrao-completa-35-anos-nesta-sexta\\\/#breadcrumblist\"},\"author\":{\"@id\":\"https:\\\/\\\/www.encontracarrao.com.br\\\/sobre\\\/author\\\/ecarrao\\\/#author\"},\"creator\":{\"@id\":\"https:\\\/\\\/www.encontracarrao.com.br\\\/sobre\\\/author\\\/ecarrao\\\/#author\"},\"image\":{\"@type\":\"ImageObject\",\"url\":\"https:\\\/\\\/www.encontracarrao.com.br\\\/sobre\\\/wp-content\\\/uploads\\\/2026\\\/08\\\/humberto-carrao-completa-35-anos-nesta-sexta.webp\",\"@id\":\"https:\\\/\\\/www.encontracarrao.com.br\\\/sobre\\\/humberto-carrao-completa-35-anos-nesta-sexta\\\/#mainImage\",\"width\":280,\"height\":280,\"caption\":\"Humberto Carr\\u00e3o 35 anos\"},\"primaryImageOfPage\":{\"@id\":\"https:\\\/\\\/www.encontracarrao.com.br\\\/sobre\\\/humberto-carrao-completa-35-anos-nesta-sexta\\\/#mainImage\"},\"datePublished\":\"2026-08-29T07:48:27-02:00\",\"dateModified\":\"2026-08-29T07:48:27-02:00\"},{\"@type\":\"WebSite\",\"@id\":\"https:\\\/\\\/www.encontracarrao.com.br\\\/sobre\\\/#website\",\"url\":\"https:\\\/\\\/www.encontracarrao.com.br\\\/sobre\\\/\",\"name\":\"Encontra Carr\\u00e3o\",\"description\":\"Not\\u00edcias, eventos, informa\\u00e7\\u00f5es e dicas no bairro do Carr\\u00e3o e regi\\u00e3o\",\"inLanguage\":\"pt-BR\",\"publisher\":{\"@id\":\"https:\\\/\\\/www.encontracarrao.com.br\\\/sobre\\\/#organization\"}}]}\n\t\t<\/script>\n\t\t<!-- All in One SEO -->\n\n","aioseo_head_json":{"title":"Humberto Carr\u00e3o completa 35 anos nesta sexta | Encontra Carr\u00e3o","description":"Humberto Carr\u00e3o completa 35 anos e relembramos sua trajet\u00f3ria na TV.","canonical_url":"https:\/\/www.encontracarrao.com.br\/sobre\/humberto-carrao-completa-35-anos-nesta-sexta\/","robots":"max-image-preview:large","keywords":"","webmasterTools":{"miscellaneous":""},"schema":{"@context":"https:\/\/schema.org","@graph":[{"@type":"Article","@id":"https:\/\/www.encontracarrao.com.br\/sobre\/humberto-carrao-completa-35-anos-nesta-sexta\/#article","name":"Humberto Carr\u00e3o completa 35 anos nesta sexta | Encontra Carr\u00e3o","headline":"Humberto Carr\u00e3o completa 35 anos nesta sexta","author":{"@id":"https:\/\/www.encontracarrao.com.br\/sobre\/author\/ecarrao\/#author"},"publisher":{"@id":"https:\/\/www.encontracarrao.com.br\/sobre\/#organization"},"image":{"@type":"ImageObject","url":"https:\/\/www.encontracarrao.com.br\/sobre\/wp-content\/uploads\/2026\/08\/humberto-carrao-completa-35-anos-nesta-sexta.webp","width":280,"height":280,"caption":"Humberto Carr\u00e3o 35 anos"},"datePublished":"2026-08-29T07:48:27-02:00","dateModified":"2026-08-29T07:48:27-02:00","inLanguage":"pt-BR","mainEntityOfPage":{"@id":"https:\/\/www.encontracarrao.com.br\/sobre\/humberto-carrao-completa-35-anos-nesta-sexta\/#webpage"},"isPartOf":{"@id":"https:\/\/www.encontracarrao.com.br\/sobre\/humberto-carrao-completa-35-anos-nesta-sexta\/#webpage"},"articleSection":"Cultura Carr\u00e3o"},{"@type":"BreadcrumbList","@id":"https:\/\/www.encontracarrao.com.br\/sobre\/humberto-carrao-completa-35-anos-nesta-sexta\/#breadcrumblist","itemListElement":[{"@type":"ListItem","@id":"https:\/\/www.encontracarrao.com.br\/sobre#listItem","position":1,"name":"In\u00edcio","item":"https:\/\/www.encontracarrao.com.br\/sobre","nextItem":{"@type":"ListItem","@id":"https:\/\/www.encontracarrao.com.br\/sobre\/cultura-no-carrao\/#listItem","name":"Cultura Carr\u00e3o"}},{"@type":"ListItem","@id":"https:\/\/www.encontracarrao.com.br\/sobre\/cultura-no-carrao\/#listItem","position":2,"name":"Cultura Carr\u00e3o","item":"https:\/\/www.encontracarrao.com.br\/sobre\/cultura-no-carrao\/","nextItem":{"@type":"ListItem","@id":"https:\/\/www.encontracarrao.com.br\/sobre\/humberto-carrao-completa-35-anos-nesta-sexta\/#listItem","name":"Humberto Carr\u00e3o completa 35 anos nesta sexta"},"previousItem":{"@type":"ListItem","@id":"https:\/\/www.encontracarrao.com.br\/sobre#listItem","name":"In\u00edcio"}},{"@type":"ListItem","@id":"https:\/\/www.encontracarrao.com.br\/sobre\/humberto-carrao-completa-35-anos-nesta-sexta\/#listItem","position":3,"name":"Humberto Carr\u00e3o completa 35 anos nesta sexta","previousItem":{"@type":"ListItem","@id":"https:\/\/www.encontracarrao.com.br\/sobre\/cultura-no-carrao\/#listItem","name":"Cultura Carr\u00e3o"}}]},{"@type":"Organization","@id":"https:\/\/www.encontracarrao.com.br\/sobre\/#organization","name":"Encontra Carr\u00e3o","description":"Not\u00edcias, eventos, informa\u00e7\u00f5es e dicas no bairro do Carr\u00e3o e regi\u00e3o","url":"https:\/\/www.encontracarrao.com.br\/sobre\/"},{"@type":"Person","@id":"https:\/\/www.encontracarrao.com.br\/sobre\/author\/ecarrao\/#author","url":"https:\/\/www.encontracarrao.com.br\/sobre\/author\/ecarrao\/","name":"Encontra Carr\u00e3o","image":{"@type":"ImageObject","@id":"https:\/\/www.encontracarrao.com.br\/sobre\/humberto-carrao-completa-35-anos-nesta-sexta\/#authorImage","url":"https:\/\/secure.gravatar.com\/avatar\/507340682b8270222e1f208e23198b6ae7e2c6a1033ae84e99bc6bce4f82a387?s=96&d=mm&r=g","width":96,"height":96,"caption":"Encontra Carr\u00e3o"}},{"@type":"WebPage","@id":"https:\/\/www.encontracarrao.com.br\/sobre\/humberto-carrao-completa-35-anos-nesta-sexta\/#webpage","url":"https:\/\/www.encontracarrao.com.br\/sobre\/humberto-carrao-completa-35-anos-nesta-sexta\/","name":"Humberto Carr\u00e3o completa 35 anos nesta sexta | Encontra Carr\u00e3o","description":"Humberto Carr\u00e3o completa 35 anos e relembramos sua trajet\u00f3ria na TV.","inLanguage":"pt-BR","isPartOf":{"@id":"https:\/\/www.encontracarrao.com.br\/sobre\/#website"},"breadcrumb":{"@id":"https:\/\/www.encontracarrao.com.br\/sobre\/humberto-carrao-completa-35-anos-nesta-sexta\/#breadcrumblist"},"author":{"@id":"https:\/\/www.encontracarrao.com.br\/sobre\/author\/ecarrao\/#author"},"creator":{"@id":"https:\/\/www.encontracarrao.com.br\/sobre\/author\/ecarrao\/#author"},"image":{"@type":"ImageObject","url":"https:\/\/www.encontracarrao.com.br\/sobre\/wp-content\/uploads\/2026\/08\/humberto-carrao-completa-35-anos-nesta-sexta.webp","@id":"https:\/\/www.encontracarrao.com.br\/sobre\/humberto-carrao-completa-35-anos-nesta-sexta\/#mainImage","width":280,"height":280,"caption":"Humberto Carr\u00e3o 35 anos"},"primaryImageOfPage":{"@id":"https:\/\/www.encontracarrao.com.br\/sobre\/humberto-carrao-completa-35-anos-nesta-sexta\/#mainImage"},"datePublished":"2026-08-29T07:48:27-02:00","dateModified":"2026-08-29T07:48:27-02:00"},{"@type":"WebSite","@id":"https:\/\/www.encontracarrao.com.br\/sobre\/#website","url":"https:\/\/www.encontracarrao.com.br\/sobre\/","name":"Encontra Carr\u00e3o","description":"Not\u00edcias, eventos, informa\u00e7\u00f5es e dicas no bairro do Carr\u00e3o e regi\u00e3o","inLanguage":"pt-BR","publisher":{"@id":"https:\/\/www.encontracarrao.com.br\/sobre\/#organization"}}]},"og:locale":"pt_BR","og:site_name":"Encontra Carr\u00e3o | Not\u00edcias, eventos, informa\u00e7\u00f5es e dicas no bairro do Carr\u00e3o e regi\u00e3o","og:type":"article","og:title":"Humberto Carr\u00e3o completa 35 anos nesta sexta | Encontra Carr\u00e3o","og:description":"Humberto Carr\u00e3o completa 35 anos e relembramos sua trajet\u00f3ria na TV.","og:url":"https:\/\/www.encontracarrao.com.br\/sobre\/humberto-carrao-completa-35-anos-nesta-sexta\/","article:published_time":"2026-08-29T09:48:27+00:00","article:modified_time":"2026-08-29T09:48:27+00:00","twitter:card":"summary_large_image","twitter:title":"Humberto Carr\u00e3o completa 35 anos nesta sexta | Encontra Carr\u00e3o","twitter:description":"Humberto Carr\u00e3o completa 35 anos e relembramos sua trajet\u00f3ria na TV."},"aioseo_meta_data":{"post_id":"1978","title":null,"description":null,"keywords":null,"keyphrases":null,"primary_term":null,"canonical_url":null,"og_title":null,"og_description":null,"og_object_type":"default","og_image_type":"default","og_image_url":null,"og_image_width":null,"og_image_height":null,"og_image_custom_url":null,"og_image_custom_fields":null,"og_video":null,"og_custom_url":null,"og_article_section":null,"og_article_tags":null,"twitter_use_og":false,"twitter_card":"default","twitter_image_type":"default","twitter_image_url":null,"twitter_image_custom_url":null,"twitter_image_custom_fields":null,"twitter_title":null,"twitter_description":null,"schema":{"blockGraphs":[],"customGraphs":[],"default":{"data":{"Article":[],"Course":[],"Dataset":[],"FAQPage":[],"Movie":[],"Person":[],"Product":[],"ProductReview":[],"Car":[],"Recipe":[],"Service":[],"SoftwareApplication":[],"WebPage":[]},"graphName":"Article","isEnabled":true},"graphs":[]},"schema_type":"default","schema_type_options":null,"pillar_content":false,"robots_default":true,"robots_noindex":false,"robots_noarchive":false,"robots_nosnippet":false,"robots_nofollow":false,"robots_noimageindex":false,"robots_noodp":false,"robots_notranslate":false,"robots_max_snippet":null,"robots_max_videopreview":null,"robots_max_imagepreview":"large","priority":null,"frequency":null,"local_seo":null,"limit_modified_date":false,"created":"2026-08-29 09:48:27","updated":"2026-08-29 10:26:52","focus_keyword":null,"additional_keywords":null,"truseo_locale":null,"ai":null,"breadcrumb_settings":null,"seo_analyzer_scan_date":null},"aioseo_breadcrumb":"<div class=\"aioseo-breadcrumbs\"><span class=\"aioseo-breadcrumb\">\n\t\t\t<a href=\"https:\/\/www.encontracarrao.com.br\/sobre\" title=\"In\u00edcio\">In\u00edcio<\/a>\n\t\t<\/span><span class=\"aioseo-breadcrumb-separator\">&raquo;<\/span><span class=\"aioseo-breadcrumb\">\n\t\t\t<a href=\"https:\/\/www.encontracarrao.com.br\/sobre\/cultura-no-carrao\/\" title=\"Cultura Carr\u00e3o\">Cultura Carr\u00e3o<\/a>\n\t\t<\/span><span class=\"aioseo-breadcrumb-separator\">&raquo;<\/span><span class=\"aioseo-breadcrumb\">\n\t\t\tHumberto Carr\u00e3o completa 35 anos nesta sexta\n\t\t<\/span><\/div>","aioseo_breadcrumb_json":[{"label":"In\u00edcio","link":"https:\/\/www.encontracarrao.com.br\/sobre"},{"label":"Cultura Carr\u00e3o","link":"https:\/\/www.encontracarrao.com.br\/sobre\/cultura-no-carrao\/"},{"label":"Humberto Carr\u00e3o completa 35 anos nesta sexta","link":"https:\/\/www.encontracarrao.com.br\/sobre\/humberto-carrao-completa-35-anos-nesta-sexta\/"}],"_links":{"self":[{"href":"https:\/\/www.encontracarrao.com.br\/sobre\/wp-json\/wp\/v2\/posts\/1978","targetHints":{"allow":["GET"]}}],"collection":[{"href":"https:\/\/www.encontracarrao.com.br\/sobre\/wp-json\/wp\/v2\/posts"}],"about":[{"href":"https:\/\/www.encontracarrao.com.br\/sobre\/wp-json\/wp\/v2\/types\/post"}],"author":[{"embeddable":true,"href":"https:\/\/www.encontracarrao.com.br\/sobre\/wp-json\/wp\/v2\/users\/1"}],"replies":[{"embeddable":true,"href":"https:\/\/www.encontracarrao.com.br\/sobre\/wp-json\/wp\/v2\/comments?post=1978"}],"version-history":[{"count":0,"href":"https:\/\/www.encontracarrao.com.br\/sobre\/wp-json\/wp\/v2\/posts\/1978\/revisions"}],"wp:featuredmedia":[{"embeddable":true,"href":"https:\/\/www.encontracarrao.com.br\/sobre\/wp-json\/wp\/v2\/media\/1977"}],"wp:attachment":[{"href":"https:\/\/www.encontracarrao.com.br\/sobre\/wp-json\/wp\/v2\/media?parent=1978"}],"wp:term":[{"taxonomy":"category","embeddable":true,"href":"https:\/\/www.encontracarrao.com.br\/sobre\/wp-json\/wp\/v2\/categories?post=1978"},{"taxonomy":"post_tag","embeddable":true,"href":"https:\/\/www.encontracarrao.com.br\/sobre\/wp-json\/wp\/v2\/tags?post=1978"}],"curies":[{"name":"wp","href":"https:\/\/api.w.org\/{rel}","templated":true}]}}